{"id":8417240,"date":"2015-02-12T07:00:14","date_gmt":"2015-02-12T07:00:14","guid":{"rendered":"https:\/\/www.upo.es\/diario\/?p=8417240"},"modified":"2015-02-12T07:07:40","modified_gmt":"2015-02-12T07:07:40","slug":"expertos-abordan-en-la-upo-los-ultimos-avances-realizados-sobre-el-tdah","status":"publish","type":"post","link":"https:\/\/www.upo.es\/diario\/ciencia\/2015\/02\/expertos-abordan-en-la-upo-los-ultimos-avances-realizados-sobre-el-tdah\/","title":{"rendered":"Expertos abordan en la UPO los \u00faltimos avances realizados sobre el TDAH"},"content":{"rendered":"<figure id=\"attachment_8418072\" aria-describedby=\"caption-attachment-8418072\" style=\"width: 600px\" class=\"wp-caption aligncenter\"><a href=\"https:\/\/www.upo.es\/diario\/wp-content\/uploads\/2015\/02\/Jornadas-TDAH_11_02_2015_29.jpg\"><img loading=\"lazy\" decoding=\"async\" class=\"size-large wp-image-8418072\" alt=\"Desde la izquierda: David Alarc\u00f3n, Jos\u00e9 Antonio S\u00e1nchez Medina, Juan Daniel Ram\u00edrez, Hip\u00f3lito Mac\u00edas  y Francisco D\u00edaz \" src=\"https:\/\/www.upo.es\/diario\/wp-content\/uploads\/2015\/02\/Jornadas-TDAH_11_02_2015_29-600x400.jpg\" width=\"600\" height=\"400\" srcset=\"https:\/\/www.upo.es\/diario\/wp-content\/uploads\/2015\/02\/Jornadas-TDAH_11_02_2015_29-600x400.jpg 600w, https:\/\/www.upo.es\/diario\/wp-content\/uploads\/2015\/02\/Jornadas-TDAH_11_02_2015_29-320x213.jpg 320w\" sizes=\"auto, (max-width: 600px) 100vw, 600px\" \/><\/a><figcaption id=\"caption-attachment-8418072\" class=\"wp-caption-text\">Desde la izquierda: David Alarc\u00f3n, Jos\u00e9 Antonio S\u00e1nchez Medina, Juan Daniel Ram\u00edrez, Hip\u00f3lito Mac\u00edas y Francisco D\u00edaz Atienza<\/figcaption><\/figure>\n<p>Hoy jueves contin\u00faa en la <a href=\"http:\/\/www.upo.es\/portal\/impe\/web\/portada\">Universidad Pablo de Olavide<\/a> la <b>\u201cI Jornada de sensibilizaci\u00f3n e investigaci\u00f3n en TDAH\u201d,<\/b> un encuentro organizado por el equipo de investigaci\u00f3n Grupo de Estudios en Cultura y Cognici\u00f3n de la UPO y la <a href=\"http:\/\/anfathi.tdah.tel\/\">Asociaci\u00f3n Nazarena de Familiares y Afectados de Trastorno Hipercin\u00e9tico<\/a> (ANFATHI) que comenz\u00f3 ayer y que re\u00fane durante dos d\u00edas a expertos en este trastorno psiqui\u00e1trico.<\/p>\n<p>La problem\u00e1tica asociada al <b>Trastorno de D\u00e9ficit de Atenci\u00f3n e Hiperactividad<\/b> (TDAH) se aborda en esta jornada desde una perspectiva multidisciplinar con intervenciones de psiquiatras, pediatras, psic\u00f3logos y pedagogos. As\u00ed, el encuentro fue inaugurado en la tarde de ayer mi\u00e9rcoles por el catedr\u00e1tico de Psicolog\u00eda de la Comunicaci\u00f3n de la UPO Juan Daniel Ram\u00edrez Garrido y cont\u00f3 con la participaci\u00f3n del psiquiatra Francisco D\u00edaz Atienza, coordinador de la Unidad de Salud Mental Infanto-Juvenil del Hospital Universitario Virgen de las Nieves; de Hip\u00f3lito Mac\u00edas Pichardo, miembro de la Asociaci\u00f3n Nazarena de Familiares y Afectados de Trastorno Hipercin\u00e9tico (ANFATHI), y de los profesores del Departamento de Ciencias Sociales de la UPO Jos\u00e9 Antonio S\u00e1nchez Medina y David Alarc\u00f3n Rubio.<\/p>\n<p>La jornada de hoy jueves comenzar\u00e1 a las 16 horas en la sala de grados del edificio 7 de la UPO con la ponencia \u201cLa atenci\u00f3n al alumnado con TDAH en el Sistema Educativo Andaluz\u201d a cargo de Francisco Javier Garc\u00eda Perales, jefe del Servicio de Convivencia e Igualdad, y Manuel V\u00e1zquez Uceda, jefe del Servicio de Orientaci\u00f3n y Atenci\u00f3n a la Diversidad de la Direcci\u00f3n General de Participaci\u00f3n y Equidad de la Consejer\u00eda de Educaci\u00f3n de la Junta de Andaluc\u00eda.<\/p>\n<p>Despu\u00e9s, a las 17:30 horas, la pediatra Mar\u00eda Jes\u00fas Ord\u00f3\u00f1ez, M\u00e1ster en Epidemiolog\u00eda, Salud P\u00fablica y Medio Ambiente y estudiosa de la educaci\u00f3n emocional, y Roberto \u00c1lvarez-Higuera, empresario, editor y conferenciante, ofrecer\u00e1n la ponencia \u201c21 pasos hacia delante\u201d. A las 18:50 horas, Jos\u00e9 Arahal Gonz\u00e1lez, M\u00e1ster en Coaching, director de la Academia Socr\u00e1tica y creador de una f\u00f3rmula de Coaching Educativo para estudiantes con TDAH, impartir\u00e1 la conferencia \u201cCoaching Educativo y TDAH: experiencias pr\u00e1cticas\u201d. Finalmente la clausura de este encuentro se celebrar\u00e1 a las 20:00 horas a cargo de Davide Iaria, presidente de la Asociaci\u00f3n Nazarena de Familiares y Afectados de Trastorno Hipercin\u00e9tico (ANFATHI), y de Hip\u00f3lito Mac\u00edas Pichardo, vocal de la <a href=\"http:\/\/fahyda.blogspot.com.es\/\">Federaci\u00f3n Andaluza de Asociaciones de Ayuda al Trastorno Hipercin\u00e9tico y D\u00e9ficit de Atenci\u00f3n<\/a> (FAHYDA).<\/p>\n<p>El objetivo de la jornada es difundir entre profesionales y poblaci\u00f3n general los \u00faltimos avances realizados sobre el <b>Trastorno de D\u00e9ficit de Atenci\u00f3n e Hiperactividad<\/b> en el \u00e1mbito de la investigaci\u00f3n b\u00e1sica y en las estrategias de intervenci\u00f3n. En segundo lugar, este encuentro pretende sensibilizar sobre la presencia y el impacto que tiene este trastorno en la sociedad, aportando unas claves para el reconocimiento, diagn\u00f3stico y aceptaci\u00f3n de un trastorno que, hasta ahora, seg\u00fan los organizadores de la jornada, ha sido poco conocido, incluso rechazado, por muchos profesionales los \u00e1mbitos de la medicina, la psicolog\u00eda y la educaci\u00f3n, evitando que los afectados y sus familias puedan acceder a soluciones que podr\u00edan mejorar su vida significativamente. La entrada es gratuita hasta completar aforo.<\/p>\n<p>La <b>\u201cI Jornada de sensibilizaci\u00f3n e investigaci\u00f3n en TDAH\u201d, <\/b>organizada por los profesores de la Universidad Pablo de Olavide Jos\u00e9 Antonio S\u00e1nchez Medina y David Alarc\u00f3n Rubio, y por Hip\u00f3lito Mac\u00edas Pichardo, miembro de la Asociaci\u00f3n Nazarena de Familiares y Afectados de Trastorno Hipercin\u00e9tico (ANFATHI), se enmarca en las actividades de difusi\u00f3n de los resultados de varios proyectos de I+D sobre el desarrollo de la funci\u00f3n ejecutiva y dificultades del aprendizaje.<\/p>\n<p><b>M\u00e1s informaci\u00f3n y programa en: <a href=\"http:\/\/jornadatdah.es\/\">http:\/\/jornadatdah.es\/<\/a><\/b><\/p>\n","protected":false},"excerpt":{"rendered":"<p>La problem\u00e1tica asociada al Trastorno de D\u00e9ficit de Atenci\u00f3n e Hiperactividad (TDAH) se aborda en esta jornada desde una perspectiva multidisciplinar con intervenciones de psiquiatras, pediatras, psic\u00f3logos y pedagogos.<\/p>\n","protected":false},"author":6,"featured_media":0,"comment_status":"closed","ping_status":"open","sticky":false,"template":"","format":"standard","meta":{"_monsterinsights_skip_tracking":false,"_monsterinsights_sitenote_active":false,"_monsterinsights_sitenote_note":"","_monsterinsights_sitenote_category":0,"footnotes":""},"categories":[3],"tags":[234,84,245,672,142,2140,218],"class_list":["post-8417240","post","type-post","status-publish","format-standard","hentry","category-ciencia","tag-dos-hermanas","tag-jornadas","tag-medicina","tag-pediatria","tag-psicologia","tag-psiquiatria","tag-salud"],"_links":{"self":[{"href":"https:\/\/www.upo.es\/diario\/wp-json\/wp\/v2\/posts\/8417240","targetHints":{"allow":["GET"]}}],"collection":[{"href":"https:\/\/www.upo.es\/diario\/wp-json\/wp\/v2\/posts"}],"about":[{"href":"https:\/\/www.upo.es\/diario\/wp-json\/wp\/v2\/types\/post"}],"author":[{"embeddable":true,"href":"https:\/\/www.upo.es\/diario\/wp-json\/wp\/v2\/users\/6"}],"replies":[{"embeddable":true,"href":"https:\/\/www.upo.es\/diario\/wp-json\/wp\/v2\/comments?post=8417240"}],"version-history":[{"count":3,"href":"https:\/\/www.upo.es\/diario\/wp-json\/wp\/v2\/posts\/8417240\/revisions"}],"predecessor-version":[{"id":8431310,"href":"https:\/\/www.upo.es\/diario\/wp-json\/wp\/v2\/posts\/8417240\/revisions\/8431310"}],"wp:attachment":[{"href":"https:\/\/www.upo.es\/diario\/wp-json\/wp\/v2\/media?parent=8417240"}],"wp:term":[{"taxonomy":"category","embeddable":true,"href":"https:\/\/www.upo.es\/diario\/wp-json\/wp\/v2\/categories?post=8417240"},{"taxonomy":"post_tag","embeddable":true,"href":"https:\/\/www.upo.es\/diario\/wp-json\/wp\/v2\/tags?post=8417240"}],"curies":[{"name":"wp","href":"https:\/\/api.w.org\/{rel}","templated":true}]}}