{"id":841939,"date":"2013-05-02T16:24:22","date_gmt":"2013-05-02T16:24:22","guid":{"rendered":"https:\/\/www.upo.es\/diario\/?p=841939"},"modified":"2013-05-03T12:29:08","modified_gmt":"2013-05-03T12:29:08","slug":"encuentro-de-becarios-santander-en-malaga","status":"publish","type":"post","link":"https:\/\/www.upo.es\/diario\/institucional\/2013\/05\/encuentro-de-becarios-santander-en-malaga\/","title":{"rendered":"Encuentro de becarios Santander en M\u00e1laga"},"content":{"rendered":"<figure id=\"attachment_841940\" aria-describedby=\"caption-attachment-841940\" style=\"width: 320px\" class=\"wp-caption alignright\"><a href=\"https:\/\/www.upo.es\/diario\/wp-content\/uploads\/2013\/05\/becarios_santander.jpg\"><img loading=\"lazy\" decoding=\"async\" class=\"size-medium wp-image-841940 \" alt=\"Estudiantes que han participado en alguno de los programas de Becas Santander. Adelaida de la Calle, presidenta de la  CRUE, en el centro de la imagen\" src=\"https:\/\/www.upo.es\/diario\/wp-content\/uploads\/2013\/05\/becarios_santander-320x220.jpg\" width=\"320\" height=\"220\" srcset=\"https:\/\/www.upo.es\/diario\/wp-content\/uploads\/2013\/05\/becarios_santander-320x220.jpg 320w, https:\/\/www.upo.es\/diario\/wp-content\/uploads\/2013\/05\/becarios_santander-1024x706.jpg 1024w, https:\/\/www.upo.es\/diario\/wp-content\/uploads\/2013\/05\/becarios_santander-600x414.jpg 600w\" sizes=\"auto, (max-width: 320px) 100vw, 320px\" \/><\/a><figcaption id=\"caption-attachment-841940\" class=\"wp-caption-text\">Estudiantes que han participado en alguno de los programas de Becas Santander. Adelaida de la Calle, presidenta de la CRUE, en el centro<\/figcaption><\/figure>\n<p>La Universidad de M\u00e1laga ha acogido el <i>\u201cEncuentro \u00c1gora Santander-Universidad de M\u00e1laga\u201d<\/i>, que se ha prolongado a lo largo de todo el d\u00eda de hoy jueves, organizado por Banco Santander, a trav\u00e9s de su Divisi\u00f3n Global Santander Universidades.<\/p>\n<p>Se han reunido 50 estudiantes que han participado en alguno de los programas de Becas Santander de las universidades de C\u00e1diz, C\u00f3rdoba, Granada, Huelva, Ja\u00e9n, M\u00e1laga, Pablo de Olavide y Sevilla que han participado en los programas de Becas Santander de Pr\u00e1cticas en PYMEs, F\u00f3rmula Santander, Iberoam\u00e9rica, Aula Hispano Rusa y Aula del Estrecho. Han asistido, adem\u00e1s, 6 de los ganadores del concurso \u201c<i>\u00c1gora en Vivo<\/i>\u201d, en el que los participantes plantearon preguntas ingeniosas a sus personajes favoritos (<a href=\"http:\/\/www.agora-santander.com\/\">www.agora-santander.com<\/a>).<\/p>\n<p>El encuentro ha sido inaugurado por Adelaida de la Calle, presidenta de la Conferencia de Rectores de las Universidades Espa\u00f1olas (CRUE) y rectora de la Universidad de M\u00e1laga, Jos\u00e9 Luis G\u00f3mez Alciturri, director general de Banco Santander y director de la Divisi\u00f3n de Recursos Humanos de la entidad bancaria, y Alfredo Alb\u00e1izar, director de Santander Universidades Espa\u00f1a.<\/p>\n<p>Durante el encuentro han compartido sus experiencias, han analizado sus expectativas de futuro y han conocido de forma pr\u00e1ctica c\u00f3mo funciona la comunidad social \u00c1gora. Adem\u00e1s, esta tarde asistir\u00e1n a tres conferencias: \u201cPlanificaci\u00f3n de una campa\u00f1a <i>online\u201d<\/i> impartida por Javier L\u00f3pez de Haro, director de Estrategia Digital <i>OpenBank<\/i>; \u201cCompetencias Transversales para la Empleabilidad\u201d de Isabel Fern\u00e1ndez Subires, Orientadora Profesional, y \u201cCrea tu propia empresa\u201d de Jes\u00fas Pedrero M\u00e1rquez, emprendedor de la Universidad de M\u00e1laga.<\/p>\n<p>Al finalizar la jornada, Juan Antonio Perles Roches, vicerrector de Estudiantes de la Universidad de M\u00e1laga, y Jos\u00e9 Antonio Cristobal, director de Santander Universidades en Andaluc\u00eda, entregar\u00e1n los diplomas a los asistentes.<\/p>\n<p>Este encuentro es una de las numerosas actividades celebradas en el marco de la XIII Junta General de Accionistas Universia, que reunir\u00e1 ma\u00f1ana en M\u00e1laga a representantes de 79 universidades espa\u00f1olas.<\/p>\n<p>Banco Santander, a trav\u00e9s de Santander Universidades, colabora con 1.027 universidades y centros de investigaci\u00f3n de todo el mundo. Se conceden cada a\u00f1o m\u00e1s de 31.700 becas, ayudas al estudio y pr\u00e1cticas profesionales. M\u00e1s informaci\u00f3n en <a href=\"http:\/\/www.santander.com\/universidades\">www.santander.com\/universidades<\/a> y en <a href=\"http:\/\/www.becas-santander.com\/\">www.becas-santander.com<\/a><\/p>\n<p>&nbsp;<\/p>\n<p><b>\u00a0<\/b><\/p>\n","protected":false},"excerpt":{"rendered":"<p>La Universidad de M\u00e1laga ha acogido el \u201cEncuentro \u00c1gora Santander-Universidad de M\u00e1laga\u201d, que se ha prolongado a lo largo de todo el d\u00eda de hoy jueves, organizado por Banco Santander, a trav\u00e9s de su Divisi\u00f3n Global Santander Universidades.<\/p>\n","protected":false},"author":6,"featured_media":0,"comment_status":"closed","ping_status":"open","sticky":false,"template":"","format":"standard","meta":{"_monsterinsights_skip_tracking":false,"_monsterinsights_sitenote_active":false,"_monsterinsights_sitenote_note":"","_monsterinsights_sitenote_category":0,"footnotes":""},"categories":[6],"tags":[64,243,21,39],"class_list":["post-841939","post","type-post","status-publish","format-standard","hentry","category-institucional","tag-becas","tag-crue","tag-estudiantes","tag-universidades"],"_links":{"self":[{"href":"https:\/\/www.upo.es\/diario\/wp-json\/wp\/v2\/posts\/841939","targetHints":{"allow":["GET"]}}],"collection":[{"href":"https:\/\/www.upo.es\/diario\/wp-json\/wp\/v2\/posts"}],"about":[{"href":"https:\/\/www.upo.es\/diario\/wp-json\/wp\/v2\/types\/post"}],"author":[{"embeddable":true,"href":"https:\/\/www.upo.es\/diario\/wp-json\/wp\/v2\/users\/6"}],"replies":[{"embeddable":true,"href":"https:\/\/www.upo.es\/diario\/wp-json\/wp\/v2\/comments?post=841939"}],"version-history":[{"count":3,"href":"https:\/\/www.upo.es\/diario\/wp-json\/wp\/v2\/posts\/841939\/revisions"}],"predecessor-version":[{"id":841943,"href":"https:\/\/www.upo.es\/diario\/wp-json\/wp\/v2\/posts\/841939\/revisions\/841943"}],"wp:attachment":[{"href":"https:\/\/www.upo.es\/diario\/wp-json\/wp\/v2\/media?parent=841939"}],"wp:term":[{"taxonomy":"category","embeddable":true,"href":"https:\/\/www.upo.es\/diario\/wp-json\/wp\/v2\/categories?post=841939"},{"taxonomy":"post_tag","embeddable":true,"href":"https:\/\/www.upo.es\/diario\/wp-json\/wp\/v2\/tags?post=841939"}],"curies":[{"name":"wp","href":"https:\/\/api.w.org\/{rel}","templated":true}]}}