{"id":842098,"date":"2013-05-07T05:50:46","date_gmt":"2013-05-07T05:50:46","guid":{"rendered":"https:\/\/www.upo.es\/diario\/?p=842098"},"modified":"2013-05-07T07:18:39","modified_gmt":"2013-05-07T07:18:39","slug":"espido-freire-imparte-la-proxima-semana-un-taller-de-creacion-literaria-en-la-upo","status":"publish","type":"post","link":"https:\/\/www.upo.es\/diario\/cultura\/2013\/05\/espido-freire-imparte-la-proxima-semana-un-taller-de-creacion-literaria-en-la-upo\/","title":{"rendered":"Espido Freire imparte esta semana un taller de creaci\u00f3n literaria en la UPO"},"content":{"rendered":"<figure id=\"attachment_842099\" aria-describedby=\"caption-attachment-842099\" style=\"width: 320px\" class=\"wp-caption alignright\"><a href=\"https:\/\/www.upo.es\/diario\/wp-content\/uploads\/2013\/05\/8199658080_d9f8aabd08_h.jpg\"><img loading=\"lazy\" decoding=\"async\" class=\"size-medium wp-image-842099\" alt=\"Espido Freire\" src=\"https:\/\/www.upo.es\/diario\/wp-content\/uploads\/2013\/05\/8199658080_d9f8aabd08_h-320x160.jpg\" width=\"320\" height=\"160\" srcset=\"https:\/\/www.upo.es\/diario\/wp-content\/uploads\/2013\/05\/8199658080_d9f8aabd08_h-320x160.jpg 320w, https:\/\/www.upo.es\/diario\/wp-content\/uploads\/2013\/05\/8199658080_d9f8aabd08_h-1024x512.jpg 1024w, https:\/\/www.upo.es\/diario\/wp-content\/uploads\/2013\/05\/8199658080_d9f8aabd08_h-600x300.jpg 600w, https:\/\/www.upo.es\/diario\/wp-content\/uploads\/2013\/05\/8199658080_d9f8aabd08_h.jpg 1600w\" sizes=\"auto, (max-width: 320px) 100vw, 320px\" \/><\/a><figcaption id=\"caption-attachment-842099\" class=\"wp-caption-text\">Espido Freire \u00a9 Foto: Universidad de Deusto<\/figcaption><\/figure>\n<figure id=\"attachment_855615\" aria-describedby=\"caption-attachment-855615\" style=\"width: 320px\" class=\"wp-caption alignright\"><a href=\"https:\/\/www.upo.es\/diario\/wp-content\/uploads\/2013\/05\/taller_EspidoFreire.jpg\"><img loading=\"lazy\" decoding=\"async\" class=\"size-medium wp-image-855615\" alt=\"Espido Freire imparte en la UPO un taller de creaci\u00f3n literaria\" src=\"https:\/\/www.upo.es\/diario\/wp-content\/uploads\/2013\/05\/taller_EspidoFreire-320x240.jpg\" width=\"320\" height=\"240\" srcset=\"https:\/\/www.upo.es\/diario\/wp-content\/uploads\/2013\/05\/taller_EspidoFreire-320x240.jpg 320w, https:\/\/www.upo.es\/diario\/wp-content\/uploads\/2013\/05\/taller_EspidoFreire-1024x768.jpg 1024w, https:\/\/www.upo.es\/diario\/wp-content\/uploads\/2013\/05\/taller_EspidoFreire-600x450.jpg 600w\" sizes=\"auto, (max-width: 320px) 100vw, 320px\" \/><\/a><figcaption id=\"caption-attachment-855615\" class=\"wp-caption-text\">Espido Freire, al fondo de la imagen, en un momento del \u00a0taller de creaci\u00f3n literaria en la UPO<\/figcaption><\/figure>\n<p>La escritora Espido Freire imparte del 6 al 10 de mayo en la Universidad Pablo de Olavide un taller de creaci\u00f3n literaria dentro de la tercera edici\u00f3n de Pixeladas, curso de creaci\u00f3n art\u00edstica que este a\u00f1o se centra en las instalaciones art\u00edsticas y la literatura.<\/p>\n<p>Se trata del segundo taller de Pixeladas III, Percepciones desde la Imagen y la Palabra, que adem\u00e1s de la fase de formaci\u00f3n incluye una de concurso, en la que podr\u00e1n participar los alumnos con las obras que elaborar\u00e1n en el tercer taller que, del 15 al 23 de mayo, impartir\u00e1n conjuntamente la escritora Espido Freire y la artista pl\u00e1stica Mar\u00eda Ortega, monitora del curso sobre instalaciones art\u00edsticas que finaliz\u00f3 el pasado viernes 26 de abril. El concurso se realizar\u00e1 tanto a nivel local, un premio por universidad, como interuniversitario. Las piezas ganadoras ser\u00e1n instaladas y expuestas en las universidades andaluzas.<\/p>\n<p>Pixeladas es una actividad coordinada por la Universidad Pablo de Olavide dentro del Proyecto Atalaya. \u00a0Su objetivo es ofrecer una formaci\u00f3n especializada en el mundo de las artes adem\u00e1s de ser un laboratorio de creaci\u00f3n universitario, siempre vinculado a la estrecha relaci\u00f3n entre la imagen y la palabra.<\/p>\n<p>El Proyecto Atalaya es una iniciativa cultural de las universidades p\u00fablicas andaluzas financiada por la Consejer\u00eda de Econom\u00eda, Innovaci\u00f3n, Ciencia y Empleo de la Junta de Andaluc\u00eda.<\/p>\n<p>&nbsp;<\/p>\n<p>&nbsp;<\/p>\n<p align=\"center\"><b>\u2018PIXELADAS\u2019, Percepciones desde la Imagen y la Palabra<br \/>\n<\/b><b>III edici\u00f3n: \u2018La Literatura y las Artes Pl\u00e1sticas\u2019<br \/>\n<\/b><b>Universidad Pablo de Olavide. Edificio 3<\/b><\/p>\n<p>&nbsp;<\/p>\n<p><b>Del 6 al 10 de mayo. <\/b>De 17 a 21 horas (10 de mayo hasta las 20 h.)<\/p>\n<p>Curso <b>\u2018Creaci\u00f3n literaria y simbolog\u00eda\u2019<\/b>. Impartido por Espido Freire<\/p>\n<p>&nbsp;<\/p>\n<p><b>Del 15 al 23 de mayo.<\/b> De 17 a 19 horas<\/p>\n<p><b>Taller Creativo<\/b>. Impartido por Mar\u00eda Ortega y Espido Freire<\/p>\n<p>&nbsp;<\/p>\n","protected":false},"excerpt":{"rendered":"<p>La escritora Espido Freire imparte del 6 al 10 de mayo en la Universidad Pablo de Olavide un taller de creaci\u00f3n literaria dentro de la tercera edici\u00f3n de Pixeladas, curso de creaci\u00f3n art\u00edstica que este a\u00f1o se centra en las instalaciones art\u00edsticas y la literatura. Pixeladas es una actividad coordinada por la Universidad Pablo de Olavide dentro del Proyecto Atalaya.  Su objetivo es ofrecer una formaci\u00f3n especializada en el mundo de las artes adem\u00e1s de ser un laboratorio de creaci\u00f3n universitario, siempre vinculado a la estrecha relaci\u00f3n entre la imagen y la palabra.<\/p>\n","protected":false},"author":6,"featured_media":0,"comment_status":"closed","ping_status":"open","sticky":false,"template":"","format":"standard","meta":{"_monsterinsights_skip_tracking":false,"_monsterinsights_sitenote_active":false,"_monsterinsights_sitenote_note":"","_monsterinsights_sitenote_category":0,"footnotes":""},"categories":[7],"tags":[265,401,94,279,39],"class_list":["post-842098","post","type-post","status-publish","format-standard","hentry","category-cultura","tag-arte","tag-literatura","tag-proyecto-atalaya","tag-taller","tag-universidades"],"_links":{"self":[{"href":"https:\/\/www.upo.es\/diario\/wp-json\/wp\/v2\/posts\/842098","targetHints":{"allow":["GET"]}}],"collection":[{"href":"https:\/\/www.upo.es\/diario\/wp-json\/wp\/v2\/posts"}],"about":[{"href":"https:\/\/www.upo.es\/diario\/wp-json\/wp\/v2\/types\/post"}],"author":[{"embeddable":true,"href":"https:\/\/www.upo.es\/diario\/wp-json\/wp\/v2\/users\/6"}],"replies":[{"embeddable":true,"href":"https:\/\/www.upo.es\/diario\/wp-json\/wp\/v2\/comments?post=842098"}],"version-history":[{"count":9,"href":"https:\/\/www.upo.es\/diario\/wp-json\/wp\/v2\/posts\/842098\/revisions"}],"predecessor-version":[{"id":855617,"href":"https:\/\/www.upo.es\/diario\/wp-json\/wp\/v2\/posts\/842098\/revisions\/855617"}],"wp:attachment":[{"href":"https:\/\/www.upo.es\/diario\/wp-json\/wp\/v2\/media?parent=842098"}],"wp:term":[{"taxonomy":"category","embeddable":true,"href":"https:\/\/www.upo.es\/diario\/wp-json\/wp\/v2\/categories?post=842098"},{"taxonomy":"post_tag","embeddable":true,"href":"https:\/\/www.upo.es\/diario\/wp-json\/wp\/v2\/tags?post=842098"}],"curies":[{"name":"wp","href":"https:\/\/api.w.org\/{rel}","templated":true}]}}