{"id":8457008,"date":"2015-02-16T12:00:02","date_gmt":"2015-02-16T12:00:02","guid":{"rendered":"https:\/\/www.upo.es\/diario\/?p=8457008"},"modified":"2015-02-16T12:31:19","modified_gmt":"2015-02-16T12:31:19","slug":"estoy-empenado-en-demostrar-que-puedes-estudiar-humanidades-y-tener-una-vida-profesional-exitosa","status":"publish","type":"post","link":"https:\/\/www.upo.es\/diario\/entrevista\/2015\/02\/estoy-empenado-en-demostrar-que-puedes-estudiar-humanidades-y-tener-una-vida-profesional-exitosa\/","title":{"rendered":"\u00abEstoy empe\u00f1ado en demostrar que puedes estudiar Humanidades y tener una vida profesional exitosa\u00bb"},"content":{"rendered":"<figure id=\"attachment_8457009\" aria-describedby=\"caption-attachment-8457009\" style=\"width: 600px\" class=\"wp-caption aligncenter\"><a href=\"https:\/\/www.upo.es\/diario\/wp-content\/uploads\/2015\/02\/JR_Rodriguez_Mateo.jpg\"><img loading=\"lazy\" decoding=\"async\" class=\"size-large wp-image-8457009\" alt=\"Juan Ram\u00f3n Rodr\u00edguez-Mateo, investigador del \u00c1rea de Historia del Arte de la UPO \" src=\"https:\/\/www.upo.es\/diario\/wp-content\/uploads\/2015\/02\/JR_Rodriguez_Mateo-600x399.jpg\" width=\"600\" height=\"399\" srcset=\"https:\/\/www.upo.es\/diario\/wp-content\/uploads\/2015\/02\/JR_Rodriguez_Mateo-600x399.jpg 600w, https:\/\/www.upo.es\/diario\/wp-content\/uploads\/2015\/02\/JR_Rodriguez_Mateo-320x213.jpg 320w\" sizes=\"auto, (max-width: 600px) 100vw, 600px\" \/><\/a><figcaption id=\"caption-attachment-8457009\" class=\"wp-caption-text\">Juan Ram\u00f3n Rodr\u00edguez-Mateo, investigador del \u00c1rea de Historia del Arte de la UPO.<\/figcaption><\/figure>\n<p><b>La Fundaci\u00f3n Valent\u00edn de Madariaga acoge hasta el 15 de marzo la <\/b><b>I Bienal Universitaria Andaluza de Creaci\u00f3n Pl\u00e1stica Contempor\u00e1nea, una muestra que expone los trabajos de doce estudiantes de las tres facultades de Bellas Artes de Andaluc\u00eda. Juan Ram\u00f3n Rodr\u00edguez-Mateo, investigador de la UPO y comisario de esta cita cultural junto a Iv\u00e1n de la Torre, nos habla en esta entrevista de este escaparate de la creaci\u00f3n contempor\u00e1nea andaluza y de su experiencia profesional y acad\u00e9mica<\/b><\/p>\n<p><b>\u00a0<\/b><\/p>\n<p><b>\u00bfQu\u00e9 va a encontrar el visitante cuando acuda a la I Bienal Universitaria Andaluza de Creaci\u00f3n Pl\u00e1stica Contempor\u00e1nea?<\/b><b>\u00a0<\/b><\/p>\n<p>Se va a encontrar alrededor de cincuenta piezas de doce artistas pl\u00e1sticos que a su vez son estudiantes de las tres facultades de Bellas Artes: Granada, M\u00e1laga y Sevilla. El visitante podr\u00e1 conocer as\u00ed las nuevas tendencias art\u00edsticas y testar el nivel del arte contempor\u00e1neo andaluz.<b>\u00a0<\/b><\/p>\n<p><b>\u00bfQu\u00e9 objetivos tiene esta cita cultural?<\/b><\/p>\n<p>Podemos hablar de un doble objetivo. Por un lado, la exposici\u00f3n pretende ser una muestra de la creaci\u00f3n contempor\u00e1nea andaluza mediante la selecci\u00f3n de estos doce j\u00f3venes artistas cuya trayectoria empieza a resonar. Y por otro lado, ha sido la excusa perfecta para estrechar lazos entre las tres facultades de Bellas Artes andaluzas que por cuestiones econ\u00f3micas y temporales no pueden compartir espacios expositivos: las tres facultades tienen salas de exposiciones en las cuales exponen sus alumnos pero, por falta de calendario y de recursos econ\u00f3micos para patrocinar las \u201citinerancias\u201d, no pueden exponer alumnos de las otras universidades.<\/p>\n<p><b>\u00bfFue esta la principal motivaci\u00f3n para que usted y su compa\u00f1ero Iv\u00e1n de la Torre pusieran en marcha esta exposici\u00f3n?<\/b><\/p>\n<p>Efectivamente. Tanto Iv\u00e1n, que es profesor de la Universidad de M\u00e1laga, como yo, que soy investigador del \u00c1rea de Historia del Arte de la UPO, tenemos experiencia en el \u00e1mbito universitario y tambi\u00e9n en el \u00e1mbito profesional y empresarial a trav\u00e9s de nuestra empresa Laboratorio de las Artes. En conversaciones con artistas consolidados y con profesores universitarios abord\u00e1bamos las dificultades de intercambios expositivos entre las tres facultades, una endogamia rid\u00edcula que se traslada a las escasas posibilidades expositivas de los alumnos. Fue entonces cuando pensamos que pod\u00edamos romper ese c\u00edrculo vicioso y comenzamos a trabajar en este proyecto gracias a la inestimable ayuda de la Fundaci\u00f3n Valent\u00edn de Madariaga, que ha sido la impulsora material sin la cual habr\u00eda sido imposible llevar a cabo este trabajo: ha puesto a nuestra disposici\u00f3n su sala de exposiciones y su capacidad log\u00edstica.<\/p>\n<p>As\u00ed pues, la BIUNIC recala en Sevilla gracias a la colaboraci\u00f3n de la <a href=\"http:\/\/www.fundacionvmo.com\/\">Fundaci\u00f3n Madariaga<\/a>, a la coordinaci\u00f3n del Laboratorio de las Artes y a la participaci\u00f3n de los estudiantes de \u00faltimo curso, m\u00e1ster y doctorado y egresados de la \u00faltima promoci\u00f3n de las facultades de Bellas Artes de Sevilla, Granada y M\u00e1laga. As\u00ed, esta muestra ha podido ofrecer la posibilidad a varios artistas emergentes andaluces de dar a conocer su obra en el marco de un proyecto al que se presentaron casi cien propuestas.<\/p>\n<p><b>\u00bfC\u00f3mo ha sido la experiencia?<\/b><\/p>\n<p>A nivel profesional, la experiencia ha sido buen\u00edsima porque nos ha permitido conocer gente muy joven y relacionarnos con ellos. Yo estoy en esta profesi\u00f3n por los artistas, ellos son la maravilla de este trabajo. Por otro lado, otro dato positivo es que a trav\u00e9s de esta exposici\u00f3n hemos podido tener una visi\u00f3n muy real de la situaci\u00f3n de las artes pl\u00e1sticas entre los j\u00f3venes, que es estupenda. Sus obras son buenas, estos chicos hacen un trabajo consistente teniendo en cuenta su juventud.<\/p>\n<p><b>H\u00e1bleme de Laboratorio de las Artes<\/b><\/p>\n<p>Laboratorio de las Artes es una empresa andaluza que creamos Iv\u00e1n de la Torre y yo en 2011. Est\u00e1 especializada en la gesti\u00f3n cultural cuyas acciones principales giran en torno a la creaci\u00f3n de contenidos expositivos y formativos relacionados principalmente con las artes pl\u00e1sticas contempor\u00e1neas.\u00a0 Iv\u00e1n y yo nos compenetramos muy bien: \u00e9l aporta una visi\u00f3n te\u00f3rica y acad\u00e9mica y yo la visi\u00f3n empresarial y de gesti\u00f3n pr\u00e1ctica.<\/p>\n<p><b>Dada su experiencia profesional dentro y fuera de la universidad \u00bfQu\u00e9 cree que puede aportar a los estudiantes de la Facultad de Humanidades?<\/b><\/p>\n<p>Tras a\u00f1os trabajando en la Galer\u00eda Soledad Lorenzo de Madrid volv\u00ed a Sevilla, creamos Laboratorio de las Artes y me integr\u00e9 en el \u00c1rea de Historia del Arte de la Universidad Pablo de Olavide. Gracias al apoyo del profesor Francisco Ollero y a la direcci\u00f3n de Fernando Quiles, un grupo de profesores y alumnos hemos creado el Aula Latinoamericana de Pensamiento y Creaci\u00f3n Contempor\u00e1nea, desde el que estamos llevando a cabo proyectos muy interesantes. Los profesores que formamos parte de este grupo tenemos una visi\u00f3n profesional que complementa la acad\u00e9mica, lo cual, a mi manera de ver, es algo muy positivo, pues hace ver las cosas desde varias perspectivas. Por ejemplo, hemos organizado unas jornadas de empleabilidad para los alumnos de nuestra facultad. Desgraciadamente estos estudiantes tienen un concepto bastante restringido de la realidad profesional y nuestra intenci\u00f3n es mostrarles que hay vida m\u00e1s all\u00e1 de lo evidente. Personalmente, estoy empe\u00f1ado en demostrar que puedes estudiar una carrera de Humanidades y tener una vida profesional exitosa.<\/p>\n<p><b>\u00a0<\/b><\/p>\n","protected":false},"excerpt":{"rendered":"<p>Entrevista a Juan Ram\u00f3n Rodr\u00edguez-Mateo, investigador del \u00c1rea de Historia del Arte de la UPO y comisario de la I Bienal Universitaria Andaluza de Creaci\u00f3n Pl\u00e1stica Contempor\u00e1nea.<\/p>\n","protected":false},"author":2,"featured_media":8457010,"comment_status":"closed","ping_status":"open","sticky":false,"template":"","format":"standard","meta":{"_monsterinsights_skip_tracking":false,"_monsterinsights_sitenote_active":false,"_monsterinsights_sitenote_note":"","_monsterinsights_sitenote_category":0,"footnotes":""},"categories":[24],"tags":[2157,1254,74,259,132],"class_list":["post-8457008","post","type-post","status-publish","format-standard","has-post-thumbnail","hentry","category-entrevista","tag-arte-contemporaneo","tag-artes-plasticas","tag-exposiciones","tag-area-de-historia-del-arte","tag-humanidades"],"_links":{"self":[{"href":"https:\/\/www.upo.es\/diario\/wp-json\/wp\/v2\/posts\/8457008","targetHints":{"allow":["GET"]}}],"collection":[{"href":"https:\/\/www.upo.es\/diario\/wp-json\/wp\/v2\/posts"}],"about":[{"href":"https:\/\/www.upo.es\/diario\/wp-json\/wp\/v2\/types\/post"}],"author":[{"embeddable":true,"href":"https:\/\/www.upo.es\/diario\/wp-json\/wp\/v2\/users\/2"}],"replies":[{"embeddable":true,"href":"https:\/\/www.upo.es\/diario\/wp-json\/wp\/v2\/comments?post=8457008"}],"version-history":[{"count":5,"href":"https:\/\/www.upo.es\/diario\/wp-json\/wp\/v2\/posts\/8457008\/revisions"}],"predecessor-version":[{"id":8514808,"href":"https:\/\/www.upo.es\/diario\/wp-json\/wp\/v2\/posts\/8457008\/revisions\/8514808"}],"wp:featuredmedia":[{"embeddable":true,"href":"https:\/\/www.upo.es\/diario\/wp-json\/wp\/v2\/media\/8457010"}],"wp:attachment":[{"href":"https:\/\/www.upo.es\/diario\/wp-json\/wp\/v2\/media?parent=8457008"}],"wp:term":[{"taxonomy":"category","embeddable":true,"href":"https:\/\/www.upo.es\/diario\/wp-json\/wp\/v2\/categories?post=8457008"},{"taxonomy":"post_tag","embeddable":true,"href":"https:\/\/www.upo.es\/diario\/wp-json\/wp\/v2\/tags?post=8457008"}],"curies":[{"name":"wp","href":"https:\/\/api.w.org\/{rel}","templated":true}]}}