{"id":8535588,"date":"2015-02-17T00:05:50","date_gmt":"2015-02-17T00:05:50","guid":{"rendered":"https:\/\/www.upo.es\/diario\/?p=8535588"},"modified":"2015-02-19T12:56:07","modified_gmt":"2015-02-19T12:56:07","slug":"la-upo-acoge-a-partir-de-manana-la-exposicion-contemporarte-2014-2","status":"publish","type":"post","link":"https:\/\/www.upo.es\/diario\/cultura\/2015\/02\/la-upo-acoge-a-partir-de-manana-la-exposicion-contemporarte-2014-2\/","title":{"rendered":"La UPO acoge a partir de ma\u00f1ana la exposici\u00f3n Contemporarte 2014"},"content":{"rendered":"<figure id=\"attachment_8535593\" aria-describedby=\"caption-attachment-8535593\" style=\"width: 600px\" class=\"wp-caption aligncenter\"><img loading=\"lazy\" decoding=\"async\" class=\"size-large wp-image-8535593  \" alt=\"Desalojo - Paloma Graglia (una de las im\u00e1genes de Contemporarte 2014)\" src=\"https:\/\/www.upo.es\/diario\/wp-content\/uploads\/2015\/02\/contemporarte-600x398.jpg\" width=\"600\" height=\"398\" srcset=\"https:\/\/www.upo.es\/diario\/wp-content\/uploads\/2015\/02\/contemporarte-600x398.jpg 600w, https:\/\/www.upo.es\/diario\/wp-content\/uploads\/2015\/02\/contemporarte-320x212.jpg 320w, https:\/\/www.upo.es\/diario\/wp-content\/uploads\/2015\/02\/contemporarte.jpg 722w\" sizes=\"auto, (max-width: 600px) 100vw, 600px\" \/><figcaption id=\"caption-attachment-8535593\" class=\"wp-caption-text\">\u00a9 Desalojo &#8211; Paloma Graglia \/ Una de las im\u00e1genes de Contemporarte 2014<\/figcaption><\/figure>\n<p>La Universidad Pablo de Olavide acoge a partir de <strong>ma\u00f1ana 18 de febrero<\/strong> en la Area de Exposiciones de la Biblioteca la exposici\u00f3n resultante del certamen <strong>Contemporarte 2014<\/strong>, que estar\u00e1 abierta de l<strong>unes a viernes de 8:30 horas a 21:00 horas<\/strong>.<\/p>\n<p>Contemporarte pretende ser una plataforma de lanzamiento de artistas pertenecientes a la comunidad universitaria andaluza a trav\u00e9s de un medio contempor\u00e1neo como la fotograf\u00eda. Se trata de un proyecto coordinado por la Universidad de Huelva y enmarcado en las actividades que, bajo el Proyecto Atalaya, organizan de forma conjunta las diez universidades p\u00fablicas con el patrocinio de la Consejer\u00eda de Econom\u00eda, Innovaci\u00f3n, Ciencia y Empleo.<\/p>\n<p>Adem\u00e1s, Contemporarte abre el plazo de inscripci\u00f3n hasta el 31 de mayo de este 2015 para su VII edici\u00f3n. En esta edici\u00f3n, y en las venideras, se invitar\u00e1 a participar a las comunidades universitarias de un pa\u00eds europeo y otro americano, que este a\u00f1o ser\u00e1n Chile, Uruguay, Italia e Irlanda. De este modo se pretende dar a conocer las realidades socioculturales de nuevos territorios a trav\u00e9s de la fotograf\u00eda contempor\u00e1nea.<\/p>\n<p>La participaci\u00f3n est\u00e1 abierta a todos los miembros de la comunidad universitaria (alumnado, personal docente e investigador y personal de administraci\u00f3n y servicios) y tambi\u00e9n a quienes hayan finalizado sus estudios universitarios desde el curso acad\u00e9mico 2012\/2013 en alguna de las universidades p\u00fablicas de Andaluc\u00eda.<\/p>\n<p>&nbsp;<\/p>\n<p>Para m\u00e1s informaci\u00f3n: <a href=\"http:\/\/culturauhu.wix.com\/contemporarte\">http:\/\/culturauhu.wix.com\/contemporarte<\/a><\/p>\n<p><iframe loading=\"lazy\" src=\"https:\/\/www.youtube.com\/embed\/xcWY8ypG3ds\" height=\"338\" width=\"600\" allowfullscreen=\"\" frameborder=\"0\"><\/iframe><\/p>\n","protected":false},"excerpt":{"rendered":"<p>La Universidad Pablo de Olavide acoge a partir de ma\u00f1ana 18 de febrero en  el \u00c1rea de Exposiciones de la Biblioteca la exposici\u00f3n resultante del certamen Contemporarte 2014, que estar\u00e1 abierta de lunes a viernes de 8:30 horas a 21:00 horas.<\/p>\n","protected":false},"author":6,"featured_media":0,"comment_status":"closed","ping_status":"open","sticky":false,"template":"","format":"standard","meta":{"_monsterinsights_skip_tracking":false,"_monsterinsights_sitenote_active":false,"_monsterinsights_sitenote_note":"","_monsterinsights_sitenote_category":0,"footnotes":""},"categories":[7],"tags":[190,125,2163,74,60,94,39],"class_list":["post-8535588","post","type-post","status-publish","format-standard","hentry","category-cultura","tag-andalucia","tag-biblioteca","tag-contemporarte-2014","tag-exposiciones","tag-fotografia","tag-proyecto-atalaya","tag-universidades"],"_links":{"self":[{"href":"https:\/\/www.upo.es\/diario\/wp-json\/wp\/v2\/posts\/8535588","targetHints":{"allow":["GET"]}}],"collection":[{"href":"https:\/\/www.upo.es\/diario\/wp-json\/wp\/v2\/posts"}],"about":[{"href":"https:\/\/www.upo.es\/diario\/wp-json\/wp\/v2\/types\/post"}],"author":[{"embeddable":true,"href":"https:\/\/www.upo.es\/diario\/wp-json\/wp\/v2\/users\/6"}],"replies":[{"embeddable":true,"href":"https:\/\/www.upo.es\/diario\/wp-json\/wp\/v2\/comments?post=8535588"}],"version-history":[{"count":11,"href":"https:\/\/www.upo.es\/diario\/wp-json\/wp\/v2\/posts\/8535588\/revisions"}],"predecessor-version":[{"id":8535596,"href":"https:\/\/www.upo.es\/diario\/wp-json\/wp\/v2\/posts\/8535588\/revisions\/8535596"}],"wp:attachment":[{"href":"https:\/\/www.upo.es\/diario\/wp-json\/wp\/v2\/media?parent=8535588"}],"wp:term":[{"taxonomy":"category","embeddable":true,"href":"https:\/\/www.upo.es\/diario\/wp-json\/wp\/v2\/categories?post=8535588"},{"taxonomy":"post_tag","embeddable":true,"href":"https:\/\/www.upo.es\/diario\/wp-json\/wp\/v2\/tags?post=8535588"}],"curies":[{"name":"wp","href":"https:\/\/api.w.org\/{rel}","templated":true}]}}