{"id":8536449,"date":"2015-02-18T05:22:25","date_gmt":"2015-02-18T05:22:25","guid":{"rendered":"https:\/\/www.upo.es\/diario\/?p=8536449"},"modified":"2015-02-18T05:22:38","modified_gmt":"2015-02-18T05:22:38","slug":"hoy-se-presenta-el-banco-del-tiempo-de-la-universidad-pablo-de-olavide","status":"publish","type":"post","link":"https:\/\/www.upo.es\/diario\/institucional\/2015\/02\/hoy-se-presenta-el-banco-del-tiempo-de-la-universidad-pablo-de-olavide\/","title":{"rendered":"Hoy se presenta el Banco del Tiempo de la Universidad Pablo de Olavide"},"content":{"rendered":"<p><a href=\"http:\/\/www.upo.es\/upsc\/educacion_ambiental\/Bancodeltiempo\/index.jsp\"><img loading=\"lazy\" decoding=\"async\" class=\"alignright size-full wp-image-8535577\" alt=\"Banco del Tiempo de la UPO: jornadas de presentaci\u00f3n\" src=\"https:\/\/www.upo.es\/diario\/wp-content\/uploads\/2015\/02\/cartel_jornadaBdT_300.png\" width=\"300\" height=\"225\" \/><\/a>La Universidad Pablo de Olavide presenta hoy\u00a0mi\u00e9rcoles, <strong>a las 12:00 horas en el seminario 5 del edificio 11<\/strong>, el <b><a title=\"BdT de la UPO\" href=\"http:\/\/www.upo.es\/upsc\/educacion_ambiental\/Bancodeltiempo\/index.jsp\">Banco del Tiempo de la UPO<\/a><\/b>, una iniciativa del Vicerrectorado de Estudiantes, Cultura y Compromiso Social en la que los miembros de la comunidad universitaria podr\u00e1n intercambiar favores, saberes y habilidades empleando el tiempo como \u00fanica moneda.<\/p>\n<p>De esta manera, Germ\u00e1n Jara\u00edz Arroyo, director general de Programaci\u00f3n Cultural y Social de la UPO, y \u00c1ngela S\u00e1nchez Ben\u00edtez, miembro de la asociaci\u00f3n <a href=\"http:\/\/www.elenjambresinreina.eu\/\">El Enjambre sin Reina<\/a>, explicar\u00e1n a los miembros de la comunidad universitaria c\u00f3mo funciona\u00a0 un banco del tiempo y qu\u00e9 pasos hay que seguir para formar parte de \u00e9l.<\/p>\n<p>&nbsp;<\/p>\n","protected":false},"excerpt":{"rendered":"<p>La Universidad Pablo de Olavide presenta hoy mi\u00e9rcoles, a las 12:00 horas en el seminario 5 del edificio 11, el Banco del Tiempo de la UPO, una iniciativa del Vicerrectorado de Estudiantes, Cultura y Compromiso Social en la que los miembros de la comunidad universitaria podr\u00e1n intercambiar favores, saberes y habilidades empleando el tiempo como \u00fanica moneda.<\/p>\n","protected":false},"author":6,"featured_media":0,"comment_status":"closed","ping_status":"open","sticky":false,"template":"","format":"standard","meta":{"_monsterinsights_skip_tracking":false,"_monsterinsights_sitenote_active":false,"_monsterinsights_sitenote_note":"","_monsterinsights_sitenote_category":0,"footnotes":""},"categories":[6],"tags":[2167,2048,839,84,394,682,334,199,933],"class_list":["post-8536449","post","type-post","status-publish","format-standard","hentry","category-institucional","tag-banco-del-tiempo","tag-colaboracion","tag-estudiante","tag-jornadas","tag-participacion-social","tag-pas","tag-presentacion","tag-profesorado","tag-proyecto"],"_links":{"self":[{"href":"https:\/\/www.upo.es\/diario\/wp-json\/wp\/v2\/posts\/8536449","targetHints":{"allow":["GET"]}}],"collection":[{"href":"https:\/\/www.upo.es\/diario\/wp-json\/wp\/v2\/posts"}],"about":[{"href":"https:\/\/www.upo.es\/diario\/wp-json\/wp\/v2\/types\/post"}],"author":[{"embeddable":true,"href":"https:\/\/www.upo.es\/diario\/wp-json\/wp\/v2\/users\/6"}],"replies":[{"embeddable":true,"href":"https:\/\/www.upo.es\/diario\/wp-json\/wp\/v2\/comments?post=8536449"}],"version-history":[{"count":2,"href":"https:\/\/www.upo.es\/diario\/wp-json\/wp\/v2\/posts\/8536449\/revisions"}],"predecessor-version":[{"id":8549755,"href":"https:\/\/www.upo.es\/diario\/wp-json\/wp\/v2\/posts\/8536449\/revisions\/8549755"}],"wp:attachment":[{"href":"https:\/\/www.upo.es\/diario\/wp-json\/wp\/v2\/media?parent=8536449"}],"wp:term":[{"taxonomy":"category","embeddable":true,"href":"https:\/\/www.upo.es\/diario\/wp-json\/wp\/v2\/categories?post=8536449"},{"taxonomy":"post_tag","embeddable":true,"href":"https:\/\/www.upo.es\/diario\/wp-json\/wp\/v2\/tags?post=8536449"}],"curies":[{"name":"wp","href":"https:\/\/api.w.org\/{rel}","templated":true}]}}