{"id":8556459,"date":"2015-02-18T23:55:35","date_gmt":"2015-02-18T23:55:35","guid":{"rendered":"https:\/\/www.upo.es\/diario\/?p=8556459"},"modified":"2015-02-20T07:17:54","modified_gmt":"2015-02-20T07:17:54","slug":"artistas-universitarios-andaluces-exhiben-sus-fotografias-en-la-upo","status":"publish","type":"post","link":"https:\/\/www.upo.es\/diario\/cultura\/2015\/02\/artistas-universitarios-andaluces-exhiben-sus-fotografias-en-la-upo\/","title":{"rendered":"Artistas universitarios andaluces exhiben sus fotograf\u00edas en la UPO"},"content":{"rendered":"<figure id=\"attachment_8556460\" aria-describedby=\"caption-attachment-8556460\" style=\"width: 600px\" class=\"wp-caption aligncenter\"><a href=\"https:\/\/www.upo.es\/diario\/wp-content\/uploads\/2015\/02\/Contemporarte-2015_3.jpg\"><img loading=\"lazy\" decoding=\"async\" class=\"size-large wp-image-8556460\" alt=\"Las fotograf\u00edas pueden verse en la sala de exposiciones de la Biblioteca\" src=\"https:\/\/www.upo.es\/diario\/wp-content\/uploads\/2015\/02\/Contemporarte-2015_3-600x375.jpg\" width=\"600\" height=\"375\" srcset=\"https:\/\/www.upo.es\/diario\/wp-content\/uploads\/2015\/02\/Contemporarte-2015_3-600x375.jpg 600w, https:\/\/www.upo.es\/diario\/wp-content\/uploads\/2015\/02\/Contemporarte-2015_3-320x200.jpg 320w\" sizes=\"auto, (max-width: 600px) 100vw, 600px\" \/><\/a><figcaption id=\"caption-attachment-8556460\" class=\"wp-caption-text\">Las fotograf\u00edas pueden verse en la sala de exposiciones de la Biblioteca<\/figcaption><\/figure>\n<p>La Universidad Pablo de Olavide acoge desde hoy mi\u00e9rcoles en la sala de exposiciones de la Biblioteca la exposici\u00f3n resultante del certamen Contemporarte 2014, <strong>abierta de lunes a viernes de 8:30 horas a 21:00 horas<\/strong>, una plataforma de lanzamiento de artistas pertenecientes a la comunidad universitaria andaluza a trav\u00e9s de un medio contempor\u00e1neo como la fotograf\u00eda. Se trata de un proyecto coordinado por la Universidad de Huelva y enmarcado en las actividades que, bajo el Proyecto Atalaya, organizan de forma conjunta las diez universidades p\u00fablicas con el patrocinio de la Consejer\u00eda de Econom\u00eda, Innovaci\u00f3n, Ciencia y Empleo.<\/p>\n<p>Adem\u00e1s, <strong>Contemporarte<\/strong> abre el plazo de inscripci\u00f3n hasta el 31 de mayo de este 2015 para su VII edici\u00f3n. En esta edici\u00f3n, y en las venideras, se invitar\u00e1 a participar a las comunidades universitarias de un pa\u00eds europeo y otro americano, que este a\u00f1o ser\u00e1n Chile, Uruguay, Italia e Irlanda. De este modo se pretende dar a conocer las realidades socioculturales de nuevos territorios a trav\u00e9s de la fotograf\u00eda contempor\u00e1nea.<\/p>\n<p>La participaci\u00f3n est\u00e1 abierta a todos los miembros de la comunidad universitaria (alumnado, personal docente e investigador y personal de administraci\u00f3n y servicios) y tambi\u00e9n a quienes hayan finalizado sus estudios universitarios desde el curso acad\u00e9mico 2012\/2013 en alguna de las universidades p\u00fablicas de Andaluc\u00eda.<\/p>\n<p>&nbsp;<\/p>\n","protected":false},"excerpt":{"rendered":"<p>La Universidad Pablo de Olavide acoge en la sala de exposiciones de la Biblioteca la exposici\u00f3n resultante del certamen Contemporarte 2014, abierta de lunes a viernes de 8:30 horas a 21:00 horas, una plataforma de lanzamiento de artistas pertenecientes a la comunidad universitaria andaluza a trav\u00e9s de un medio contempor\u00e1neo como la fotograf\u00eda. <\/p>\n","protected":false},"author":6,"featured_media":0,"comment_status":"closed","ping_status":"open","sticky":false,"template":"","format":"standard","meta":{"_monsterinsights_skip_tracking":false,"_monsterinsights_sitenote_active":false,"_monsterinsights_sitenote_note":"","_monsterinsights_sitenote_category":0,"footnotes":""},"categories":[7],"tags":[190,125,21,74,60,94,2171,39],"class_list":["post-8556459","post","type-post","status-publish","format-standard","hentry","category-cultura","tag-andalucia","tag-biblioteca","tag-estudiantes","tag-exposiciones","tag-fotografia","tag-proyecto-atalaya","tag-universidad-de-huelva","tag-universidades"],"_links":{"self":[{"href":"https:\/\/www.upo.es\/diario\/wp-json\/wp\/v2\/posts\/8556459","targetHints":{"allow":["GET"]}}],"collection":[{"href":"https:\/\/www.upo.es\/diario\/wp-json\/wp\/v2\/posts"}],"about":[{"href":"https:\/\/www.upo.es\/diario\/wp-json\/wp\/v2\/types\/post"}],"author":[{"embeddable":true,"href":"https:\/\/www.upo.es\/diario\/wp-json\/wp\/v2\/users\/6"}],"replies":[{"embeddable":true,"href":"https:\/\/www.upo.es\/diario\/wp-json\/wp\/v2\/comments?post=8556459"}],"version-history":[{"count":11,"href":"https:\/\/www.upo.es\/diario\/wp-json\/wp\/v2\/posts\/8556459\/revisions"}],"predecessor-version":[{"id":8593450,"href":"https:\/\/www.upo.es\/diario\/wp-json\/wp\/v2\/posts\/8556459\/revisions\/8593450"}],"wp:attachment":[{"href":"https:\/\/www.upo.es\/diario\/wp-json\/wp\/v2\/media?parent=8556459"}],"wp:term":[{"taxonomy":"category","embeddable":true,"href":"https:\/\/www.upo.es\/diario\/wp-json\/wp\/v2\/categories?post=8556459"},{"taxonomy":"post_tag","embeddable":true,"href":"https:\/\/www.upo.es\/diario\/wp-json\/wp\/v2\/tags?post=8556459"}],"curies":[{"name":"wp","href":"https:\/\/api.w.org\/{rel}","templated":true}]}}