{"id":8578308,"date":"2015-02-20T06:53:53","date_gmt":"2015-02-20T06:53:53","guid":{"rendered":"https:\/\/www.upo.es\/diario\/?p=8578308"},"modified":"2015-02-20T07:16:29","modified_gmt":"2015-02-20T07:16:29","slug":"manana-seminario-la-modernizacion-de-la-liquidacion-de-valores-en-espana-y-europa-en-la-upo","status":"publish","type":"post","link":"https:\/\/www.upo.es\/diario\/institucional\/2015\/02\/manana-seminario-la-modernizacion-de-la-liquidacion-de-valores-en-espana-y-europa-en-la-upo\/","title":{"rendered":"Hoy, seminario \u00abLa modernizaci\u00f3n de la liquidaci\u00f3n de valores en Espa\u00f1a y Europa\u00bb en la UPO"},"content":{"rendered":"<p align=\"left\">La Universidad Pablo de Olavide celebra hoy\u00a0<strong>viernes 20 de febrero, a las 16:00 horas<\/strong> en la sala de juntas del edificio 3, primera planta el seminario<strong> \u201cLa modernizaci\u00f3n de la liquidaci\u00f3n de valores en Espa\u00f1a y Europa\u201d<\/strong>, organizado por la Comisi\u00f3n Acad\u00e9mica del M\u00e1ster Oficial en Derecho de las Nuevas Tecnolog\u00edas.<\/p>\n<p>El seminario se enmarca en la asignatura \u201cContrataci\u00f3n electr\u00f3nica en el sistema financiero\u201d y ser\u00e1 impartido por el responsable del departamento de Liquidaciones Internacionales de Iberclear, Grupo de Bolsas y Mercados espa\u00f1oles, Jes\u00fas S\u00e1nchez S\u00e1nchez, y moderado por el profesor de dicha asignatura y director del m\u00e1ster, Agust\u00edn Madrid Parra. Asimismo, el evento cuenta con la colaboraci\u00f3n de la Fundaci\u00f3n Universidad-Sociedad de la UPO y de la Fundaci\u00f3n Cajasol.<\/p>\n<h2><b>\u00a0<\/b><\/h2>\n<p align=\"left\"><b>\u00a0<\/b><\/p>\n","protected":false},"excerpt":{"rendered":"<p>La Universidad Pablo de Olavide celebra hoy viernes 20 de febrero, a las 16:00 horas en la sala de juntas del edificio 3, primera planta el seminario \u201cLa modernizaci\u00f3n de la liquidaci\u00f3n de valores en Espa\u00f1a y Europa\u201d, organizado por la Comisi\u00f3n Acad\u00e9mica del M\u00e1ster Oficial en Derecho de las Nuevas Tecnolog\u00edas, <\/p>\n","protected":false},"author":10,"featured_media":0,"comment_status":"closed","ping_status":"open","sticky":false,"template":"","format":"standard","meta":{"_monsterinsights_skip_tracking":false,"_monsterinsights_sitenote_active":false,"_monsterinsights_sitenote_note":"","_monsterinsights_sitenote_category":0,"footnotes":""},"categories":[6],"tags":[2176,78],"class_list":["post-8578308","post","type-post","status-publish","format-standard","hentry","category-institucional","tag-master-en-derecho-de-las-nuevas-tecnologias","tag-seminario"],"_links":{"self":[{"href":"https:\/\/www.upo.es\/diario\/wp-json\/wp\/v2\/posts\/8578308","targetHints":{"allow":["GET"]}}],"collection":[{"href":"https:\/\/www.upo.es\/diario\/wp-json\/wp\/v2\/posts"}],"about":[{"href":"https:\/\/www.upo.es\/diario\/wp-json\/wp\/v2\/types\/post"}],"author":[{"embeddable":true,"href":"https:\/\/www.upo.es\/diario\/wp-json\/wp\/v2\/users\/10"}],"replies":[{"embeddable":true,"href":"https:\/\/www.upo.es\/diario\/wp-json\/wp\/v2\/comments?post=8578308"}],"version-history":[{"count":6,"href":"https:\/\/www.upo.es\/diario\/wp-json\/wp\/v2\/posts\/8578308\/revisions"}],"predecessor-version":[{"id":8593447,"href":"https:\/\/www.upo.es\/diario\/wp-json\/wp\/v2\/posts\/8578308\/revisions\/8593447"}],"wp:attachment":[{"href":"https:\/\/www.upo.es\/diario\/wp-json\/wp\/v2\/media?parent=8578308"}],"wp:term":[{"taxonomy":"category","embeddable":true,"href":"https:\/\/www.upo.es\/diario\/wp-json\/wp\/v2\/categories?post=8578308"},{"taxonomy":"post_tag","embeddable":true,"href":"https:\/\/www.upo.es\/diario\/wp-json\/wp\/v2\/tags?post=8578308"}],"curies":[{"name":"wp","href":"https:\/\/api.w.org\/{rel}","templated":true}]}}