{"id":859715,"date":"2013-05-08T10:19:01","date_gmt":"2013-05-08T10:19:01","guid":{"rendered":"https:\/\/www.upo.es\/diario\/?p=859715"},"modified":"2013-05-09T08:36:36","modified_gmt":"2013-05-09T08:36:36","slug":"alumnos-de-la-upo-asisten-desde-manana-al-ix-congreso-de-ciencias-del-deporte-y-educacion-fisica-en-pontevedra","status":"publish","type":"post","link":"https:\/\/www.upo.es\/diario\/institucional\/2013\/05\/alumnos-de-la-upo-asisten-desde-manana-al-ix-congreso-de-ciencias-del-deporte-y-educacion-fisica-en-pontevedra\/","title":{"rendered":"Alumnos de la UPO asisten  al IX Congreso de Ciencias del Deporte y Educaci\u00f3n F\u00edsica en Pontevedra"},"content":{"rendered":"<figure id=\"attachment_852665\" aria-describedby=\"caption-attachment-852665\" style=\"width: 176px\" class=\"wp-caption alignright\"><a href=\"https:\/\/www.upo.es\/diario\/wp-content\/uploads\/2013\/05\/TRIPTICOCongreso.jpg\"><img loading=\"lazy\" decoding=\"async\" class=\"size-medium wp-image-852665\" alt=\"40 estudiantes de la Facultad de Deporte de la UPO participan en este concreso\" src=\"https:\/\/www.upo.es\/diario\/wp-content\/uploads\/2013\/05\/TRIPTICOCongreso-176x320.jpg\" width=\"176\" height=\"320\" srcset=\"https:\/\/www.upo.es\/diario\/wp-content\/uploads\/2013\/05\/TRIPTICOCongreso-176x320.jpg 176w, https:\/\/www.upo.es\/diario\/wp-content\/uploads\/2013\/05\/TRIPTICOCongreso-564x1024.jpg 564w, https:\/\/www.upo.es\/diario\/wp-content\/uploads\/2013\/05\/TRIPTICOCongreso-600x1089.jpg 600w, https:\/\/www.upo.es\/diario\/wp-content\/uploads\/2013\/05\/TRIPTICOCongreso.jpg 704w\" sizes=\"auto, (max-width: 176px) 100vw, 176px\" \/><\/a><figcaption id=\"caption-attachment-852665\" class=\"wp-caption-text\">40 estudiantes de la Facultad de Deporte de la UPO participan en este concreso<\/figcaption><\/figure>\n<p>El <b>IX Congreso Nacional de Ciencias del Deporte y la Educaci\u00f3n F\u00edsica: Seminario nacional de Nutrici\u00f3n, Medicina y Rendimiento<\/b>, que tendr\u00e1 lugar <b>en Pontevedra desde hoy jueves 9 al s\u00e1bado 11 de mayo<\/b>, contar\u00e1 con la participaci\u00f3n de cuarenta estudiantes de primero y segundo del grado en \u00a0Ciencias de la Actividad F\u00edsica y del Deporte de la Universidad Pablo de Olavide. Estar\u00e1n acompa\u00f1ados por el profesor de la UPO Julio \u00c1ngel Herrador, quien impartir\u00e1 la conferencia <i>\u2018Prevenci\u00f3n de Accidentes y Lesiones en Educaci\u00f3n F\u00edsica\u2019 <\/i>\u00a0programada para el viernes, 10 de mayo.<\/p>\n<p>El congreso tiene como objetivo reunir a m\u00e1s de <b>400 profesionales de las Ciencias del Deporte y la Educaci\u00f3n F\u00edsica<\/b> y analizar las l\u00edneas de investigaci\u00f3n que se est\u00e1n desarrollando en este \u00e1mbito en universidades espa\u00f1olas. Los alumnos de la Olavide presentar\u00e1n p\u00f3steres y comunicaciones en las seis \u00e1reas tem\u00e1ticas del Congreso: salud; ocio y tiempo libre; did\u00e1ctica de la educaci\u00f3n f\u00edsica y del deporte; rendimiento deportivo; gesti\u00f3n y organizaci\u00f3n deportiva; y ciencias sociales y psicolog\u00eda.<\/p>\n<p>El IX Congreso Nacional de Ciencias del Deporte y la Educaci\u00f3n F\u00edsica ha sido organizado por el Ayuntamiento de Pontevedra y Sportis Formaci\u00f3n Deportiva junto con las Universidades de Vigo y La Coru\u00f1a, y con la colaboraci\u00f3n de numerosas instituciones, entre ella, la Secretar\u00eda General para el Deporte o el Ilustre Colegio Oficial de Licenciados en Ciencias de la Actividad F\u00edsica y Deporte de Galicia.<\/p>\n<p><a href=\"http:\/\/www.congresodeporte.com\/\">Consulta el programa del congreso<\/a><\/p>\n<p>&nbsp;<\/p>\n","protected":false},"excerpt":{"rendered":"<p>El congreso tiene como objetivo reunir a m\u00e1s de 400 profesionales de las Ciencias del Deporte y la Educaci\u00f3n F\u00edsica y analizar las l\u00edneas de investigaci\u00f3n que se est\u00e1n desarrollando en este \u00e1mbito en universidades espa\u00f1olas.<\/p>\n","protected":false},"author":4,"featured_media":0,"comment_status":"closed","ping_status":"open","sticky":false,"template":"","format":"standard","meta":{"_monsterinsights_skip_tracking":false,"_monsterinsights_sitenote_active":false,"_monsterinsights_sitenote_note":"","_monsterinsights_sitenote_category":0,"footnotes":""},"categories":[6],"tags":[231,21,379,542],"class_list":["post-859715","post","type-post","status-publish","format-standard","hentry","category-institucional","tag-deportes-2","tag-estudiantes","tag-facultad-del-deporte","tag-julio-angel-herrador"],"_links":{"self":[{"href":"https:\/\/www.upo.es\/diario\/wp-json\/wp\/v2\/posts\/859715","targetHints":{"allow":["GET"]}}],"collection":[{"href":"https:\/\/www.upo.es\/diario\/wp-json\/wp\/v2\/posts"}],"about":[{"href":"https:\/\/www.upo.es\/diario\/wp-json\/wp\/v2\/types\/post"}],"author":[{"embeddable":true,"href":"https:\/\/www.upo.es\/diario\/wp-json\/wp\/v2\/users\/4"}],"replies":[{"embeddable":true,"href":"https:\/\/www.upo.es\/diario\/wp-json\/wp\/v2\/comments?post=859715"}],"version-history":[{"count":4,"href":"https:\/\/www.upo.es\/diario\/wp-json\/wp\/v2\/posts\/859715\/revisions"}],"predecessor-version":[{"id":863304,"href":"https:\/\/www.upo.es\/diario\/wp-json\/wp\/v2\/posts\/859715\/revisions\/863304"}],"wp:attachment":[{"href":"https:\/\/www.upo.es\/diario\/wp-json\/wp\/v2\/media?parent=859715"}],"wp:term":[{"taxonomy":"category","embeddable":true,"href":"https:\/\/www.upo.es\/diario\/wp-json\/wp\/v2\/categories?post=859715"},{"taxonomy":"post_tag","embeddable":true,"href":"https:\/\/www.upo.es\/diario\/wp-json\/wp\/v2\/tags?post=859715"}],"curies":[{"name":"wp","href":"https:\/\/api.w.org\/{rel}","templated":true}]}}