{"id":8597676,"date":"2015-02-20T23:04:09","date_gmt":"2015-02-20T23:04:09","guid":{"rendered":"https:\/\/www.upo.es\/diario\/?p=8597676"},"modified":"2015-02-23T07:09:06","modified_gmt":"2015-02-23T07:09:06","slug":"el-seminario-de-arqueologia-de-la-upo-organiza-la-tercera-campana-de-excavaciones-en-la-villa-adriana-se-tivoli","status":"publish","type":"post","link":"https:\/\/www.upo.es\/diario\/ciencia\/2015\/02\/el-seminario-de-arqueologia-de-la-upo-organiza-la-tercera-campana-de-excavaciones-en-la-villa-adriana-se-tivoli\/","title":{"rendered":"El Seminario de Arqueolog\u00eda de la UPO organiza la tercera campa\u00f1a de excavaciones en la Villa Adriana de T\u00edvoli"},"content":{"rendered":"<figure id=\"attachment_8597687\" aria-describedby=\"caption-attachment-8597687\" style=\"width: 600px\" class=\"wp-caption aligncenter\"><a href=\"https:\/\/www.upo.es\/diario\/wp-content\/uploads\/2015\/02\/villa-adriana2.jpg\"><img loading=\"lazy\" decoding=\"async\" class=\"size-large wp-image-8597687\" alt=\"El Seminario de Arqueolog\u00eda reanudar\u00e1 las excavaciones a partir del pr\u00f3ximo 20 de abril\" src=\"https:\/\/www.upo.es\/diario\/wp-content\/uploads\/2015\/02\/villa-adriana2-600x416.jpg\" width=\"600\" height=\"416\" srcset=\"https:\/\/www.upo.es\/diario\/wp-content\/uploads\/2015\/02\/villa-adriana2-600x416.jpg 600w, https:\/\/www.upo.es\/diario\/wp-content\/uploads\/2015\/02\/villa-adriana2-320x222.jpg 320w\" sizes=\"auto, (max-width: 600px) 100vw, 600px\" \/><\/a><figcaption id=\"caption-attachment-8597687\" class=\"wp-caption-text\">El Seminario de Arqueolog\u00eda reanudar\u00e1 las excavaciones a partir del pr\u00f3ximo 20 de abril<\/figcaption><\/figure>\n<p>Las <strong>excavaciones arqueol\u00f3gicas en la Villa Adriana de T\u00edvoli<\/strong> (Roma) que lleva a cabo el<strong> Seminario de Arqueolog\u00eda de la UPO<\/strong> volver\u00e1n a reanudarse a partir del pr\u00f3ximo 20 de abril y hasta el 1 de mayo, en la <strong>tercera Campa\u00f1a de Excavaciones en el \u00e1rea de \u201cPalazzo\u201d<\/strong>. Este es un nuevo paso en el desarrollo del proyecto internacional de investigaci\u00f3n sobre Villa Adriana que el Seminario de Arqueolog\u00eda de la UPO emprendi\u00f3 en el a\u00f1o 2003.<\/p>\n<p>El equipo que se encargar\u00e1 de los trabajos arqueol\u00f3gicos estar\u00e1 integrado por investigadores del Seminario de Arqueolog\u00eda de la UPO y por estudiantes de la Facultad de Humanidades. <strong>Los interesados en participar en la campa\u00f1a deber\u00e1n enviar un correo electr\u00f3nico<\/strong> a <a href=\"mailto:arqueolo@upo.es\">arqueolo@upo.es<\/a>.<\/p>\n","protected":false},"excerpt":{"rendered":"<p>Las excavaciones arqueol\u00f3gicas en la Villa Adriana de T\u00edvoli (Roma) que lleva a cabo el Seminario de Arqueolog\u00eda de la UPO volver\u00e1n a reanudarse a partir del pr\u00f3ximo 20 de abril y hasta el 1 de mayo, en la tercera Campa\u00f1a de Excavaciones en el \u00e1rea de \u201cPalazzo\u201d. Este es un nuevo paso en el desarrollo del proyecto internacional de investigaci\u00f3n sobre Villa Adriana que el Seminario de Arqueolog\u00eda de la UPO emprendi\u00f3 en el a\u00f1o 2003.<\/p>\n","protected":false},"author":6,"featured_media":0,"comment_status":"closed","ping_status":"open","sticky":false,"template":"","format":"standard","meta":{"_monsterinsights_skip_tracking":false,"_monsterinsights_sitenote_active":false,"_monsterinsights_sitenote_note":"","_monsterinsights_sitenote_category":0,"footnotes":""},"categories":[3],"tags":[460,128,21,1766,96,982,1262,78,1770,1768],"class_list":["post-8597676","post","type-post","status-publish","format-standard","hentry","category-ciencia","tag-antigua-roma","tag-arqueologia","tag-estudiantes","tag-excavaciones","tag-facultad-de-humanidades","tag-italia","tag-roma","tag-seminario","tag-seminario-de-arqueologia","tag-villa-adriana-de-tivoli"],"_links":{"self":[{"href":"https:\/\/www.upo.es\/diario\/wp-json\/wp\/v2\/posts\/8597676","targetHints":{"allow":["GET"]}}],"collection":[{"href":"https:\/\/www.upo.es\/diario\/wp-json\/wp\/v2\/posts"}],"about":[{"href":"https:\/\/www.upo.es\/diario\/wp-json\/wp\/v2\/types\/post"}],"author":[{"embeddable":true,"href":"https:\/\/www.upo.es\/diario\/wp-json\/wp\/v2\/users\/6"}],"replies":[{"embeddable":true,"href":"https:\/\/www.upo.es\/diario\/wp-json\/wp\/v2\/comments?post=8597676"}],"version-history":[{"count":6,"href":"https:\/\/www.upo.es\/diario\/wp-json\/wp\/v2\/posts\/8597676\/revisions"}],"predecessor-version":[{"id":8597690,"href":"https:\/\/www.upo.es\/diario\/wp-json\/wp\/v2\/posts\/8597676\/revisions\/8597690"}],"wp:attachment":[{"href":"https:\/\/www.upo.es\/diario\/wp-json\/wp\/v2\/media?parent=8597676"}],"wp:term":[{"taxonomy":"category","embeddable":true,"href":"https:\/\/www.upo.es\/diario\/wp-json\/wp\/v2\/categories?post=8597676"},{"taxonomy":"post_tag","embeddable":true,"href":"https:\/\/www.upo.es\/diario\/wp-json\/wp\/v2\/tags?post=8597676"}],"curies":[{"name":"wp","href":"https:\/\/api.w.org\/{rel}","templated":true}]}}