{"id":860166,"date":"2013-05-14T05:45:37","date_gmt":"2013-05-14T05:45:37","guid":{"rendered":"https:\/\/www.upo.es\/diario\/?p=860166"},"modified":"2013-05-14T07:09:51","modified_gmt":"2013-05-14T07:09:51","slug":"la-universidad-pablo-de-olavide-celebra-la-proxima-semana-la-i-jornada-de-franquicia","status":"publish","type":"post","link":"https:\/\/www.upo.es\/diario\/institucional\/2013\/05\/la-universidad-pablo-de-olavide-celebra-la-proxima-semana-la-i-jornada-de-franquicia\/","title":{"rendered":"La Universidad Pablo de Olavide celebra esta semana la I Jornada de Franquicia"},"content":{"rendered":"<figure id=\"attachment_860167\" aria-describedby=\"caption-attachment-860167\" style=\"width: 320px\" class=\"wp-caption alignright\"><a href=\"https:\/\/www.upo.es\/diario\/wp-content\/uploads\/2013\/05\/j_franquicia-1.jpg\"><img loading=\"lazy\" decoding=\"async\" class=\"size-medium wp-image-860167\" alt=\"I Jornada de Franquicia en la UPO el 16 de mayo\" src=\"https:\/\/www.upo.es\/diario\/wp-content\/uploads\/2013\/05\/j_franquicia-1-320x239.jpg\" width=\"320\" height=\"239\" srcset=\"https:\/\/www.upo.es\/diario\/wp-content\/uploads\/2013\/05\/j_franquicia-1-320x239.jpg 320w, https:\/\/www.upo.es\/diario\/wp-content\/uploads\/2013\/05\/j_franquicia-1-1024x767.jpg 1024w, https:\/\/www.upo.es\/diario\/wp-content\/uploads\/2013\/05\/j_franquicia-1-600x449.jpg 600w\" sizes=\"auto, (max-width: 320px) 100vw, 320px\" \/><\/a><figcaption id=\"caption-attachment-860167\" class=\"wp-caption-text\">I Jornada de Franquicia en la UPO el 16 de mayo<\/figcaption><\/figure>\n<p>La Universidad Pablo de Olavide, a trav\u00e9s de su Departamento de Econom\u00eda Financiera y Contabilidad, organiza <b>la I Jornada de Franquicia<\/b> que se celebrar\u00e1 el pr\u00f3ximo jueves, 16 de mayo, en el sal\u00f3n de grados del edificio 7 de la UPO. Este encuentro tiene como objetivo dar a conocer las ventajas de iniciar un negocio en r\u00e9gimen de autoempleo en el sector de la franquicia, as\u00ed como detectar las necesidades actuales de la franquicia con el fin de reorientar las futuras actividades investigadoras hacia temas \u00fatiles para la gesti\u00f3n empresarial.<\/p>\n<p>La conferencia inaugural de la jornada, titulada \u201cLa franquicia como f\u00f3rmula de autoempleo e inversi\u00f3n\u201d, ser\u00e1 impartida por Teresa Zamora, directora de Comunicaci\u00f3n y Marketing de la asesor\u00eda de franquicia Barbadillos y Asociados. Asimismo, se abordar\u00e1 el tema \u201c\u00bfQu\u00e9 hace diferente a una franquicia?\u201d a trav\u00e9s de una mesa redonda en la que participar\u00e1n seis franquicias de diferentes sectores: Acadomia, Chefbuffet, Llongueras \u00c9lite, Escuela Infantil Pat\u00edn, Grupo Restalia y Serhogarsystem.<\/p>\n<p>Esta jornada est\u00e1 dirigida a estudiantes de los \u00faltimos cursos de grados, estudiantes de postgrados, a personas emprendedoras as\u00ed como a empresarios innovadores. El encuentro cuenta con la colaboraci\u00f3n de la Oficina de Transferencia de Resultados de Investigaci\u00f3n (<a href=\"http:\/\/www.upo.es\/otri\/contenido?pag=\/portal\/otri\/eventos\/20130424&amp;vE=\">OTRI<\/a>) del Vicerrectorado de Investigaci\u00f3n y Transferencia de Tecnolog\u00eda de la UPO.<\/p>\n<p>Todos los interesados en asistir a la jornada pueden encontrar m\u00e1s informaci\u00f3n sobre la programaci\u00f3n as\u00ed como el formulario de inscripci\u00f3n en el siguiente enlace: <a href=\"http:\/\/www.upo.es\/otri\/contenido?pag=\/portal\/otri\/eventos\/20130425&amp;menuid=16083&amp;vE=R5663\">http:\/\/www.upo.es\/otri\/contenido?pag=\/portal\/otri\/eventos\/20130425&amp;menuid=16083&amp;vE=R5663<\/a><\/p>\n","protected":false},"excerpt":{"rendered":"<p>La Universidad Pablo de Olavide, a trav\u00e9s de su Departamento de Econom\u00eda Financiera y Contabilidad, organiza la I Jornada de Franquicia que se celebrar\u00e1 el pr\u00f3ximo jueves, 16 de mayo, en el sal\u00f3n de grados del edificio 7 de la UPO. Este encuentro tiene como objetivo dar a conocer las ventajas de iniciar un negocio en r\u00e9gimen de autoempleo en el sector de la franquicia, as\u00ed como detectar las necesidades actuales de la franquicia con el fin de reorientar las futuras actividades investigadoras hacia temas \u00fatiles para la gesti\u00f3n empresarial. <\/p>\n","protected":false},"author":4,"featured_media":0,"comment_status":"closed","ping_status":"open","sticky":false,"template":"","format":"standard","meta":{"_monsterinsights_skip_tracking":false,"_monsterinsights_sitenote_active":false,"_monsterinsights_sitenote_note":"","_monsterinsights_sitenote_category":0,"footnotes":""},"categories":[6],"tags":[63,80,21,556,514],"class_list":["post-860166","post","type-post","status-publish","format-standard","hentry","category-institucional","tag-economia","tag-emprendedores","tag-estudiantes","tag-franquicia","tag-jornada"],"_links":{"self":[{"href":"https:\/\/www.upo.es\/diario\/wp-json\/wp\/v2\/posts\/860166","targetHints":{"allow":["GET"]}}],"collection":[{"href":"https:\/\/www.upo.es\/diario\/wp-json\/wp\/v2\/posts"}],"about":[{"href":"https:\/\/www.upo.es\/diario\/wp-json\/wp\/v2\/types\/post"}],"author":[{"embeddable":true,"href":"https:\/\/www.upo.es\/diario\/wp-json\/wp\/v2\/users\/4"}],"replies":[{"embeddable":true,"href":"https:\/\/www.upo.es\/diario\/wp-json\/wp\/v2\/comments?post=860166"}],"version-history":[{"count":6,"href":"https:\/\/www.upo.es\/diario\/wp-json\/wp\/v2\/posts\/860166\/revisions"}],"predecessor-version":[{"id":882277,"href":"https:\/\/www.upo.es\/diario\/wp-json\/wp\/v2\/posts\/860166\/revisions\/882277"}],"wp:attachment":[{"href":"https:\/\/www.upo.es\/diario\/wp-json\/wp\/v2\/media?parent=860166"}],"wp:term":[{"taxonomy":"category","embeddable":true,"href":"https:\/\/www.upo.es\/diario\/wp-json\/wp\/v2\/categories?post=860166"},{"taxonomy":"post_tag","embeddable":true,"href":"https:\/\/www.upo.es\/diario\/wp-json\/wp\/v2\/tags?post=860166"}],"curies":[{"name":"wp","href":"https:\/\/api.w.org\/{rel}","templated":true}]}}