{"id":8660231,"date":"2015-02-23T09:24:28","date_gmt":"2015-02-23T09:24:28","guid":{"rendered":"https:\/\/www.upo.es\/diario\/?p=8660231"},"modified":"2015-03-09T14:09:27","modified_gmt":"2015-03-09T14:09:27","slug":"la-upo-participa-en-la-fiesta-de-la-historia-que-se-celebra-en-sevilla-del-9-al-15-de-marzo","status":"publish","type":"post","link":"https:\/\/www.upo.es\/diario\/cultura\/2015\/02\/la-upo-participa-en-la-fiesta-de-la-historia-que-se-celebra-en-sevilla-del-9-al-15-de-marzo\/","title":{"rendered":"La UPO participa en la Fiesta de la Historia que se celebra en Sevilla del 9 al 15 de marzo"},"content":{"rendered":"<p><img loading=\"lazy\" decoding=\"async\" class=\"aligncenter size-large wp-image-8660232\" alt=\"Fiesta de la Historia\" src=\"https:\/\/www.upo.es\/diario\/wp-content\/uploads\/2015\/02\/Fiesta-de-laHistoria-600x228.jpg\" width=\"600\" height=\"228\" srcset=\"https:\/\/www.upo.es\/diario\/wp-content\/uploads\/2015\/02\/Fiesta-de-laHistoria-600x228.jpg 600w, https:\/\/www.upo.es\/diario\/wp-content\/uploads\/2015\/02\/Fiesta-de-laHistoria-320x121.jpg 320w, https:\/\/www.upo.es\/diario\/wp-content\/uploads\/2015\/02\/Fiesta-de-laHistoria.jpg 1052w\" sizes=\"auto, (max-width: 600px) 100vw, 600px\" \/>La Fiesta de la Historia es una manifestaci\u00f3n multiforme que pretende <strong>convertir a Sevilla en la \u201ccapital de la Historia\u201d<\/strong>. La <strong>Universidad Pablo de Olavide participa<\/strong> en este evento que se celebra en la ciudad hispalense por vez primera a <strong>iniciativa de la asociaci\u00f3n \u201cHistoria y Ciudadan\u00eda\u201d<\/strong>, fundada entre otros por la antigua alumna de la UPO Olga Moreno Fern\u00e1ndez. En aulas, teatros, museos, iglesias, salas p\u00fablicas, calles y plazas se celebrar\u00e1n conferencias, debates, visitas, conciertos, espect\u00e1culos y exposiciones tem\u00e1ticas que vinculan las experiencias personales y colectivas a los acontecimientos presentes y futuros, poniendo en valor el patrimonio cultural y la historia de la ciudad como patrimonio com\u00fan de la ciudadan\u00eda.<\/p>\n<p>Desde la UPO se han organizado visitas guiadas para los centros educativos como la \u201c<a href=\"https:\/\/fiestadelahistoria.wordpress.com\/visita-a-los-molinos-del-guadaira\/\">Visita a los molinos del Guada\u00edra<\/a>\u201d, dirigida por el investigador Jos\u00e9 Mar\u00eda Miura Andrades; \u201c<a href=\"https:\/\/fiestadelahistoria.wordpress.com\/italica-cuna-de-emprendedores\/\">It\u00e1lica, cuna de emprendedores<\/a>\u201d, coordinada por los cient\u00edficos Juan Manuel Cort\u00e9s Copete y Elena Mu\u00f1iz Grijalvo; y <a href=\"https:\/\/fiestadelahistoria.wordpress.com\/la-upo-patrimonio-de-bien-cultural-visita-al-campus\/\">\u00abLa UPO, bien cultural: Una visita por el campus\u00bb<\/a>, de la mano del investigador Fernando Quiles.<\/p>\n<p>Asimismo, los centros educativos podr\u00e1n asistir a la conferencia y visita guiada por la investigadora Ana Aranda Bernal, que lleva por t\u00edtulo \u201c<a href=\"https:\/\/fiestadelahistoria.wordpress.com\/viajemos-al-siglo-xv-para-contemplar-sevilla-y-sus-gentes-desde-la-cartuja\/\">Viajemos al siglo XV para contemplar Sevilla y sus gentes desde la Cartuja<\/a>\u201d, y al estreno de la obra \u201c<a href=\"https:\/\/fiestadelahistoria.wordpress.com\/el-cartagines-de-plauto-furor-bacchicus\/\">El Cartagin\u00e9s, de Plauto<\/a>\u201d, representada por el grupo de teatro grecolatino de la Facultad de Humanidades de la Olavide, Furor Bacchicus. Esta \u00faltima actividad\u00a0est\u00e1 coordinada por las investigadoras Rosario Moreno Soldevilla y Mercedes de la Torre.<\/p>\n<p>De otro lado, dirigidas al p\u00fablico en general, est\u00e1n las visitas guiadas \u201c<a href=\"https:\/\/fiestadelahistoria.wordpress.com\/historia-urbana-del-arenal-y-las-atarazanas-2\/\">Historia urbana del Arenal y las Atarazanas<\/a>\u201d, por el profesor Jos\u00e9 Mar\u00eda Miura Andrades y <a href=\"https:\/\/fiestadelahistoria.wordpress.com\/descubriendo-la-sevilla-del-siglo-xvi\/\">\u201cDescubriendo la Sevilla del siglo XVI\u201d<\/a>, por la investigadora Amelia Almorza Hidalgo. Para participar, al igual que en las actividades para los centros, se requiere la realizaci\u00f3n de una reserva previa a trav\u00e9s de los formularios disponibles en la web del evento.<\/p>\n<p>La entrada es libre, hasta completar aforo, en las conferencias \u201c<a href=\"https:\/\/fiestadelahistoria.wordpress.com\/en-torno-a-la-semana-santa\/\">En torno a la Semana Santa<\/a>\u00ab, por los investigadores Silvia Mar\u00eda P\u00e9rez Gonz\u00e1lez y Juan Carlos Arboleda Goldaracena; \u00ab<a href=\"https:\/\/fiestadelahistoria.wordpress.com\/el-patrimonio-documental-de-las-hermandades-de-sevilla\/\">El patrimonio documental de las Hermandades de Sevilla<\/a>\u201d, impartida por el investigador Antonio J. L\u00f3pez Guti\u00e9rrez; y \u201c<a href=\"https:\/\/fiestadelahistoria.wordpress.com\/la-inquisicion-en-la-edad-moderna-recreacion-de-un-auto-de-fe\/\">La Inquisici\u00f3n en la Edad Moderna: Recreaci\u00f3n de un auto de fe<\/a>\u201d, de la investigadora Montserrat Cachero Vinuesa.<\/p>\n<p>El <strong>programa completo con todas actividades<\/strong> organizadas por las diferentes entidades que han colaborado para celebrar la Fiesta de la Historia de Sevilla se encuentra en la web del evento: <a href=\"https:\/\/fiestadelahistoria.wordpress.com\/\">https:\/\/fiestadelahistoria.wordpress.com\/<\/a><\/p>\n<p>Los destinatarios de la Fiesta de la Historia son todos los residentes en Sevilla y su entorno metropolitano, as\u00ed como quienes visiten en ese momento la ciudad.<\/p>\n<p>La Fiesta de la Historia de Sevilla su origen en la \u201cFesta Internazionale della Storia\u201d, promovida por el Centro Internazionale di Didattica della Storia e del Patrimonio (DiPaSt), vinculado a la Universidad de Bolonia (Italia). En esta primera edici\u00f3n colaboran entidades como la Universidad Pablo de Olavide, la Universidad de Sevilla, la Casa de la Ciencia-CSIC, la Fundaci\u00f3n Cajasol, la UNIA, el Pabell\u00f3n de la Navegaci\u00f3n, el Instituto Andaluz de Patrimonio Hist\u00f3rico, la Asociaci\u00f3n REDES, Argos. Proyectos Educativos, Piratas de Alejandr\u00eda, la Asociaci\u00f3n Hyla, Trifolium (Medio Ambiente y Educaci\u00f3n),la Sociedad Andaluza para la Divulgaci\u00f3n de la Ciencia, La Fundaci\u00f3n Descubre, la librer\u00eda Rayuela o Canal Sur.<\/p>\n<p><b>M\u00e1s informaci\u00f3n:<\/b><\/p>\n<p><b>Oficina de Transferencia de Resultados de Investigaci\u00f3n (OTRI):<br \/>\n<\/b>Edificio Josefa Amar. N\u00famero 44. 2\u00aa planta<br \/>\n<a href=\"mailto:otri@upo.es\">otri@upo.es<br \/>\n<\/a>Tel\u00e9fono: 954348678<br \/>\n<a href=\"http:\/\/www.upo.es\/otri\/\">www.upo.es\/otri<\/a><\/p>\n<p><b>Fuente: Oficina de Transferencia de Resultados de Investigaci\u00f3n (OTRI) de la UPO.\u00a0<\/b><\/p>\n","protected":false},"excerpt":{"rendered":"<p>En aulas, teatros, museos, iglesias, salas p\u00fablicas, calles y plazas de Sevilla se celebrar\u00e1n conferencias, debates, visitas, conciertos, espect\u00e1culos y exposiciones tem\u00e1ticas relacionadas con la historia, el patrimonio, la cultura y con la ciudadan\u00eda.<\/p>\n","protected":false},"author":6,"featured_media":0,"comment_status":"closed","ping_status":"open","sticky":false,"template":"","format":"standard","meta":{"_monsterinsights_skip_tracking":false,"_monsterinsights_sitenote_active":false,"_monsterinsights_sitenote_note":"","_monsterinsights_sitenote_category":0,"footnotes":""},"categories":[7],"tags":[107,544,662,970,150,83,161,297],"class_list":["post-8660231","post","type-post","status-publish","format-standard","hentry","category-cultura","tag-campus","tag-conferencias","tag-debate","tag-divulgacion","tag-historia","tag-otri","tag-sevilla","tag-visita"],"_links":{"self":[{"href":"https:\/\/www.upo.es\/diario\/wp-json\/wp\/v2\/posts\/8660231","targetHints":{"allow":["GET"]}}],"collection":[{"href":"https:\/\/www.upo.es\/diario\/wp-json\/wp\/v2\/posts"}],"about":[{"href":"https:\/\/www.upo.es\/diario\/wp-json\/wp\/v2\/types\/post"}],"author":[{"embeddable":true,"href":"https:\/\/www.upo.es\/diario\/wp-json\/wp\/v2\/users\/6"}],"replies":[{"embeddable":true,"href":"https:\/\/www.upo.es\/diario\/wp-json\/wp\/v2\/comments?post=8660231"}],"version-history":[{"count":10,"href":"https:\/\/www.upo.es\/diario\/wp-json\/wp\/v2\/posts\/8660231\/revisions"}],"predecessor-version":[{"id":8953764,"href":"https:\/\/www.upo.es\/diario\/wp-json\/wp\/v2\/posts\/8660231\/revisions\/8953764"}],"wp:attachment":[{"href":"https:\/\/www.upo.es\/diario\/wp-json\/wp\/v2\/media?parent=8660231"}],"wp:term":[{"taxonomy":"category","embeddable":true,"href":"https:\/\/www.upo.es\/diario\/wp-json\/wp\/v2\/categories?post=8660231"},{"taxonomy":"post_tag","embeddable":true,"href":"https:\/\/www.upo.es\/diario\/wp-json\/wp\/v2\/tags?post=8660231"}],"curies":[{"name":"wp","href":"https:\/\/api.w.org\/{rel}","templated":true}]}}