{"id":8700813,"date":"2015-02-25T06:55:52","date_gmt":"2015-02-25T06:55:52","guid":{"rendered":"https:\/\/www.upo.es\/diario\/?p=8700813"},"modified":"2015-02-27T07:52:49","modified_gmt":"2015-02-27T07:52:49","slug":"manana-se-celebrara-en-la-upo-el-workshop-empresas-familiares-en-contexto-global","status":"publish","type":"post","link":"https:\/\/www.upo.es\/diario\/institucional\/2015\/02\/manana-se-celebrara-en-la-upo-el-workshop-empresas-familiares-en-contexto-global\/","title":{"rendered":"Ma\u00f1ana se celebrar\u00e1 en la UPO el workshop \u00abEmpresas Familiares en Contexto Global\u00bb"},"content":{"rendered":"<p>Ma\u00f1ana<strong> jueves 26 de febrero<\/strong>, a las <strong>9:45 horas<\/strong>, en el <strong>sal\u00f3n de grados del edificio 7<\/strong> de la Universidad Pablo de Olavide, se celebrar\u00e1 el workshop <strong>\u201cEmpresas Familiares en Contexto Global\u201d<\/strong>, organizado por los profesores del Departamento de Organizaci\u00f3n de Empresas y Marketing de la UPO Jes\u00fas Juan Cambra Fierro e In\u00e9s Amelia Herrero Chac\u00f3n, y en el que se reflexionar\u00e1 sobre este tipo de empresas y sobre los trabajos enviados previamente por los investigadores.<\/p>\n<p>Esta jornada, abierta al p\u00fablico en general y planteada como un foro de discusi\u00f3n abierto, comenzar\u00e1 con la ponencia\u201cLa marca como extensi\u00f3n del propietario\u201d; a cargo del profesor del Instituto Tecnol\u00f3gico de Monterrey (M\u00e9xico) Edgar Centeno.<\/p>\n<p>A las 10:45 horas, en la sala de reuniones del edificio 7, tendr\u00e1n lugar las mesas interactivas, moderadas por Edgar Centeno y Jes\u00fas Juan Cambra Fierro, \u201cLa RSC en el contexto de PYMES familiares\u201d y \u201c\u00c9xito de acciones de CRM: an\u00e1lisis del posible efecto de la estructura de la empresa familiar en sus antecedentes y consecuencias\u201d, en las que participar\u00e1n las profesoras de la Universidad de Jaime I de Castell\u00f3n M\u00aa Eugenia L\u00f3pez Sanz y M\u00aa \u00c1ngeles Fern\u00e1ndez Izquierdo y la profesora del Departamento de Organizaci\u00f3n de Empresas y Marketing de la UPO Ana Eugenia Olavarr\u00eda Jaraba.<\/p>\n<p>De forma simult\u00e1nea, en el sal\u00f3n de grados del edificio 7, tendr\u00e1n lugar las ponencias \u201cFiscalidad de las empresas familiares en Espa\u00f1a tras la reforma fiscal. Un apunte de derecho comparado\u201d; a cargo de la profesora de la Universidad de Castilla La Mancha Gracia M\u00aa Luchena Mozo, \u201cFiscalidad de la empresa familiar: \u00bfExcepci\u00f3n al principio de generalidad tributaria?\u201d; por la profesora de la Universidad de Castilla La Mancha Consuelo Morcillo Plaza, \u201cInfluencia de la orientaci\u00f3n emprendedora en el desempe\u00f1o internacional de las empresas familiares: el papel moderador del entorno\u201d; a cargo del profesor de la Universidad de Castilla La Mancha Felipe Hern\u00e1ndez Perniles, \u201cEmpresa familiar y desempe\u00f1o empresarial en M\u00e9xico\u201d; por la profesora de la Universidad Popular Aut\u00f3noma del Estado de Puebla (M\u00e9xico) Karen Watkins, y \u201cEvoluci\u00f3n de la investigaci\u00f3n sobre la internacionalizaci\u00f3n de las empresas familiares\u201d; a cargo del profesor de la Universidad de Sevilla Jos\u00e9 Carlos Casillas Bueno.<\/p>\n<p>A las 13:30 horas, en el mismo lugar, tendr\u00e1 lugar la segunda ponencia invitada, \u201c\u00bfQu\u00e9 sabemos de la internacionalizaci\u00f3n de la empresa familiar?\u201d, por la catedr\u00e1tica de Organizaci\u00f3n de Empresas de la Universidad Carlos III de Madrid Zulima Fern\u00e1ndez Rodr\u00edguez. El acto de clausura tendr\u00e1 lugar a las 14:45 por In\u00e9s Amelia Herrero Chac\u00f3n.<\/p>\n<p><a href=\"http:\/\/www.upo.es\/doem\/documents\/file\/empresas_familiares_programa.pdf\">Programa<\/a><\/p>\n","protected":false},"excerpt":{"rendered":"<p>Ma\u00f1ana jueves 26 de febrero, a las 9:45 horas, en el sal\u00f3n de grados del edificio 7 de la Universidad Pablo de Olavide, se celebrar\u00e1 el workshop \u201cEmpresas Familiares en Contexto Global\u201d, organizado por los profesores del Departamento de Organizaci\u00f3n de Empresas y Marketing de la UPO Jes\u00fas Juan Cambra Fierro e In\u00e9s Amelia Herrero Chac\u00f3n, y en el que se reflexionar\u00e1 sobre este tipo de empresas y sobre los trabajos enviados previamente por los investigadores.<\/p>\n","protected":false},"author":6,"featured_media":0,"comment_status":"closed","ping_status":"open","sticky":false,"template":"","format":"standard","meta":{"_monsterinsights_skip_tracking":false,"_monsterinsights_sitenote_active":false,"_monsterinsights_sitenote_note":"","_monsterinsights_sitenote_category":0,"footnotes":""},"categories":[6],"tags":[607,63,66,2184,5837],"class_list":["post-8700813","post","type-post","status-publish","format-standard","hentry","category-institucional","tag-administracion-y-direccion-de-empresas","tag-economia","tag-empresa","tag-empresas-familiares","tag-workshop"],"_links":{"self":[{"href":"https:\/\/www.upo.es\/diario\/wp-json\/wp\/v2\/posts\/8700813","targetHints":{"allow":["GET"]}}],"collection":[{"href":"https:\/\/www.upo.es\/diario\/wp-json\/wp\/v2\/posts"}],"about":[{"href":"https:\/\/www.upo.es\/diario\/wp-json\/wp\/v2\/types\/post"}],"author":[{"embeddable":true,"href":"https:\/\/www.upo.es\/diario\/wp-json\/wp\/v2\/users\/6"}],"replies":[{"embeddable":true,"href":"https:\/\/www.upo.es\/diario\/wp-json\/wp\/v2\/comments?post=8700813"}],"version-history":[{"count":8,"href":"https:\/\/www.upo.es\/diario\/wp-json\/wp\/v2\/posts\/8700813\/revisions"}],"predecessor-version":[{"id":8739033,"href":"https:\/\/www.upo.es\/diario\/wp-json\/wp\/v2\/posts\/8700813\/revisions\/8739033"}],"wp:attachment":[{"href":"https:\/\/www.upo.es\/diario\/wp-json\/wp\/v2\/media?parent=8700813"}],"wp:term":[{"taxonomy":"category","embeddable":true,"href":"https:\/\/www.upo.es\/diario\/wp-json\/wp\/v2\/categories?post=8700813"},{"taxonomy":"post_tag","embeddable":true,"href":"https:\/\/www.upo.es\/diario\/wp-json\/wp\/v2\/tags?post=8700813"}],"curies":[{"name":"wp","href":"https:\/\/api.w.org\/{rel}","templated":true}]}}