{"id":8700816,"date":"2015-02-25T12:35:56","date_gmt":"2015-02-25T12:35:56","guid":{"rendered":"https:\/\/www.upo.es\/diario\/?p=8700816"},"modified":"2015-02-27T10:20:26","modified_gmt":"2015-02-27T10:20:26","slug":"iv-exposicion-de-fotografos-por-la-libertad-y-la-paz-en-la-universidad-pablo-de-olavide","status":"publish","type":"post","link":"https:\/\/www.upo.es\/diario\/cultura\/2015\/02\/iv-exposicion-de-fotografos-por-la-libertad-y-la-paz-en-la-universidad-pablo-de-olavide\/","title":{"rendered":"IV Exposici\u00f3n de Fot\u00f3grafos por la Libertad y la Paz en la Universidad Pablo de Olavide"},"content":{"rendered":"<figure id=\"attachment_8700817\" aria-describedby=\"caption-attachment-8700817\" style=\"width: 600px\" class=\"wp-caption aligncenter\"><a href=\"https:\/\/www.upo.es\/diario\/wp-content\/uploads\/2015\/02\/expo_fofopaz.jpg\"><img loading=\"lazy\" decoding=\"async\" class=\"size-large wp-image-8700817\" alt=\"La muestra puede visitarse en el vest\u00edbulo de la Biblioteca de la UPO hasta el 9 de marzo\" src=\"https:\/\/www.upo.es\/diario\/wp-content\/uploads\/2015\/02\/expo_fofopaz-600x400.jpg\" width=\"600\" height=\"400\" srcset=\"https:\/\/www.upo.es\/diario\/wp-content\/uploads\/2015\/02\/expo_fofopaz-600x400.jpg 600w, https:\/\/www.upo.es\/diario\/wp-content\/uploads\/2015\/02\/expo_fofopaz-320x213.jpg 320w\" sizes=\"auto, (max-width: 600px) 100vw, 600px\" \/><\/a><figcaption id=\"caption-attachment-8700817\" class=\"wp-caption-text\">La muestra puede visitarse en el vest\u00edbulo de la Biblioteca de la UPO hasta el 9 de marzo.<\/figcaption><\/figure>\n<p>La Universidad Pablo de Olavide acoge hasta el 9 de marzo la <b>\u201cIV Exposici\u00f3n de Fot\u00f3grafos por la Libertad y la Paz\u201d<\/b>, muestra organizada por la <a href=\"http:\/\/www.fundacionalbertojimenez-becerril.org\/\">Fundaci\u00f3n contra el Terrorismo y la Violencia Alberto Jim\u00e9nez-Becerril<\/a>. Instalada en el vest\u00edbulo de la Biblioteca, los interesados pueden visitarla de lunes a viernes de 8:30 a 21:00 horas.<\/p>\n<p>Se trata de una exposici\u00f3n itinerante que muestra los trabajos presentados a <a href=\"http:\/\/fundacionalbertojimenez-becerril.org\/?section=news-view&amp;id=73\">la VIII edici\u00f3n del Certamen de Creadores por la Libertad y la Paz<\/a> de esta fundaci\u00f3n. Cuenta con 33 elementos auto-soportables en cada uno de los cuales se muestran 3 fotograf\u00edas impresas con sus respectivos t\u00edtulos y autores, as\u00ed como con trabajos premiados en anteriores ediciones.<\/p>\n<p>Este certamen, as\u00ed como la exposici\u00f3n resultante, forma parte de un amplio programa de actividades que la Fundaci\u00f3n contra el Terrorismo y la Violencia Alberto Jim\u00e9nez-Becerril viene desarrollando a lo largo de los \u00faltimos a\u00f1os con actividades de sensibilizaci\u00f3n y educaci\u00f3n en valores.<\/p>\n","protected":false},"excerpt":{"rendered":"<p>La Universidad Pablo de Olavide acoge hasta el 9 de marzo la \u201cIV Exposici\u00f3n de Fot\u00f3grafos por la Libertad y la Paz\u201d, muestra organizada por la Fundaci\u00f3n contra el Terrorismo y la Violencia Alberto Jim\u00e9nez-Becerril. Instalada en el vest\u00edbulo de la Biblioteca, los interesados pueden visitarla de lunes a viernes de 8:30 a 21:00 horas.<\/p>\n","protected":false},"author":2,"featured_media":0,"comment_status":"closed","ping_status":"open","sticky":false,"template":"","format":"standard","meta":{"_monsterinsights_skip_tracking":false,"_monsterinsights_sitenote_active":false,"_monsterinsights_sitenote_note":"","_monsterinsights_sitenote_category":0,"footnotes":""},"categories":[7],"tags":[125,74,60,464],"class_list":["post-8700816","post","type-post","status-publish","format-standard","hentry","category-cultura","tag-biblioteca","tag-exposiciones","tag-fotografia","tag-paz"],"_links":{"self":[{"href":"https:\/\/www.upo.es\/diario\/wp-json\/wp\/v2\/posts\/8700816","targetHints":{"allow":["GET"]}}],"collection":[{"href":"https:\/\/www.upo.es\/diario\/wp-json\/wp\/v2\/posts"}],"about":[{"href":"https:\/\/www.upo.es\/diario\/wp-json\/wp\/v2\/types\/post"}],"author":[{"embeddable":true,"href":"https:\/\/www.upo.es\/diario\/wp-json\/wp\/v2\/users\/2"}],"replies":[{"embeddable":true,"href":"https:\/\/www.upo.es\/diario\/wp-json\/wp\/v2\/comments?post=8700816"}],"version-history":[{"count":3,"href":"https:\/\/www.upo.es\/diario\/wp-json\/wp\/v2\/posts\/8700816\/revisions"}],"predecessor-version":[{"id":8700819,"href":"https:\/\/www.upo.es\/diario\/wp-json\/wp\/v2\/posts\/8700816\/revisions\/8700819"}],"wp:attachment":[{"href":"https:\/\/www.upo.es\/diario\/wp-json\/wp\/v2\/media?parent=8700816"}],"wp:term":[{"taxonomy":"category","embeddable":true,"href":"https:\/\/www.upo.es\/diario\/wp-json\/wp\/v2\/categories?post=8700816"},{"taxonomy":"post_tag","embeddable":true,"href":"https:\/\/www.upo.es\/diario\/wp-json\/wp\/v2\/tags?post=8700816"}],"curies":[{"name":"wp","href":"https:\/\/api.w.org\/{rel}","templated":true}]}}