{"id":8701675,"date":"2015-02-26T07:00:46","date_gmt":"2015-02-26T07:00:46","guid":{"rendered":"https:\/\/www.upo.es\/diario\/?p=8701675"},"modified":"2015-02-26T10:35:44","modified_gmt":"2015-02-26T10:35:44","slug":"la-upo-acoge-manana-las-jornadas-juventud-voluntariado-y-tic-competencias-en-positivo","status":"publish","type":"post","link":"https:\/\/www.upo.es\/diario\/institucional\/2015\/02\/la-upo-acoge-manana-las-jornadas-juventud-voluntariado-y-tic-competencias-en-positivo\/","title":{"rendered":"La UPO acoge hoy las jornadas \u00abJuventud, voluntariado y TIC. Competencias en positivo\u00bb"},"content":{"rendered":"<figure id=\"attachment_8719512\" aria-describedby=\"caption-attachment-8719512\" style=\"width: 320px\" class=\"wp-caption alignright\"><a href=\"https:\/\/www.upo.es\/diario\/institucional\/2015\/02\/la-upo-acoge-manana-las-jornadas-juventud-voluntariado-y-tic-competencias-en-positivo\/attachment\/img_5993\/\" rel=\"attachment wp-att-8719512\"><img loading=\"lazy\" decoding=\"async\" class=\"size-medium wp-image-8719512\" alt=\"Inauguraci\u00f3n de las Jornadas &quot;Juventud, Voluntariado y TIC. Competencias en positivo&quot;\" src=\"https:\/\/www.upo.es\/diario\/wp-content\/uploads\/2015\/02\/IMG_5993-320x213.jpg\" width=\"320\" height=\"213\" srcset=\"https:\/\/www.upo.es\/diario\/wp-content\/uploads\/2015\/02\/IMG_5993-320x213.jpg 320w, https:\/\/www.upo.es\/diario\/wp-content\/uploads\/2015\/02\/IMG_5993-600x400.jpg 600w\" sizes=\"auto, (max-width: 320px) 100vw, 320px\" \/><\/a><figcaption id=\"caption-attachment-8719512\" class=\"wp-caption-text\">Inauguraci\u00f3n de las Jornadas \u00abJuventud, Voluntariado y TIC. Competencias en positivo\u00bb<\/figcaption><\/figure>\n<p>La Universidad Pablo de Olavide acoger\u00e1 <strong>hoy jueves 26 de febrero<\/strong>, a las <strong>10 horas en la sala de grados de la Biblioteca<\/strong>, las jornadas \u201cJuventud, voluntariado y TIC. Competencias en positivo\u201d organizadas por la <a href=\"http:\/\/www.cibervoluntarios.org\/\">Fundaci\u00f3n Cibervoluntarios<\/a> en colaboraci\u00f3n con la Oficina de Voluntariado y Solidaridad perteneciente al Vicerrectorado de Estudiantes, Cultura y Compromiso Social, que a su vez cuenta con el apoyo del Ministerio de Sanidad, Servicios Sociales e Igualdad.<\/p>\n<p>El fin de este evento es favorecer la integraci\u00f3n, participaci\u00f3n y compromiso de los j\u00f3venes en la sociedad y garantizar la adquisici\u00f3n y certificaci\u00f3n de competencias transversales culturales curriculares adquiridas mediante el desarrollo de su actividad de voluntariado y que son reconocidas en el Europass de la Uni\u00f3n Europea.<\/p>\n<p>El acto de inauguraci\u00f3n estar\u00e1 presidido por la vicerrectora de Estudiantes, Cultura y Compromiso Social, Elodia Hern\u00e1ndez Le\u00f3n, y Daniel Espinosa Ramos, en representaci\u00f3n de la Fundaci\u00f3n Cibervoluntarios.<\/p>\n<p>Tras el acto de inauguraci\u00f3n, se presentar\u00e1 el \u201cPrograma de acercamiento a la acci\u00f3n voluntaria de la Universidad Pablo de Olavide\u201d, a cargo de la t\u00e9cnica de la Oficina de Voluntariado y Solidaridad, Vanessa Mar\u00edn Nu\u00f1ez. A continuaci\u00f3n, a las 11 horas, ser\u00e1 el turno del \u201cProyecto Cibervoluntarios: Uso social de la tecnolog\u00eda para el empoderamiento de la ciudadan\u00eda. \u00bfC\u00f3mo puedes participar para cambiar la vida de muchas personas?\u201d, impartido por el cibervoluntario de Sevilla y periodista Daniel Espinosa Ramos.<\/p>\n<p>A las 12.30 horas las jornadas continuar\u00e1n con la ponencia marco \u201cCompetencias profesionales y personales dentro del voluntariado y cibervoluntariado\u201d, a cargo tambi\u00e9n del periodista Daniel Espinosa Ramos.<\/p>\n<p>Por \u00faltimo, el evento finalizar\u00e1 con una mesa redonda sobre las experiencias de cibervoluntariado y aprendizaje, en la que participar\u00e1n cibervoluntariados de Sevilla y beneficiarios de las actividades de formaci\u00f3n tecnol\u00f3gica.<\/p>\n<p><a href=\"http:\/\/cibervoluntarios.org\/PROGRAMA_Pablo_de_olavide_sevilla.pdf\">Programa<\/a><\/p>\n<p>&nbsp;<\/p>\n<p align=\"center\"><b>\u00a0<\/b><\/p>\n","protected":false},"excerpt":{"rendered":"<p>La Universidad Pablo de Olavide acoger\u00e1 hoy jueves 26 de febrero, a las 10 horas en la sala de grados de la Biblioteca, las jornadas \u201cJuventud, voluntariado y TIC. Competencias en positivo\u201d organizadas por la Fundaci\u00f3n Cibervoluntarios en colaboraci\u00f3n con la Oficina de Voluntariado y Solidaridad perteneciente al Vicerrectorado de Estudiantes, Cultura y Compromiso Social, que a su vez cuenta con el apoyo del Ministerio de Sanidad, Servicios Sociales e Igualdad. <\/p>\n","protected":false},"author":10,"featured_media":0,"comment_status":"closed","ping_status":"open","sticky":false,"template":"","format":"standard","meta":{"_monsterinsights_skip_tracking":false,"_monsterinsights_sitenote_active":false,"_monsterinsights_sitenote_note":"","_monsterinsights_sitenote_category":0,"footnotes":""},"categories":[6],"tags":[84,1168,719],"class_list":["post-8701675","post","type-post","status-publish","format-standard","hentry","category-institucional","tag-jornadas","tag-oficina-de-voluntariado-y-solidaridad","tag-tic"],"_links":{"self":[{"href":"https:\/\/www.upo.es\/diario\/wp-json\/wp\/v2\/posts\/8701675","targetHints":{"allow":["GET"]}}],"collection":[{"href":"https:\/\/www.upo.es\/diario\/wp-json\/wp\/v2\/posts"}],"about":[{"href":"https:\/\/www.upo.es\/diario\/wp-json\/wp\/v2\/types\/post"}],"author":[{"embeddable":true,"href":"https:\/\/www.upo.es\/diario\/wp-json\/wp\/v2\/users\/10"}],"replies":[{"embeddable":true,"href":"https:\/\/www.upo.es\/diario\/wp-json\/wp\/v2\/comments?post=8701675"}],"version-history":[{"count":7,"href":"https:\/\/www.upo.es\/diario\/wp-json\/wp\/v2\/posts\/8701675\/revisions"}],"predecessor-version":[{"id":8716951,"href":"https:\/\/www.upo.es\/diario\/wp-json\/wp\/v2\/posts\/8701675\/revisions\/8716951"}],"wp:attachment":[{"href":"https:\/\/www.upo.es\/diario\/wp-json\/wp\/v2\/media?parent=8701675"}],"wp:term":[{"taxonomy":"category","embeddable":true,"href":"https:\/\/www.upo.es\/diario\/wp-json\/wp\/v2\/categories?post=8701675"},{"taxonomy":"post_tag","embeddable":true,"href":"https:\/\/www.upo.es\/diario\/wp-json\/wp\/v2\/tags?post=8701675"}],"curies":[{"name":"wp","href":"https:\/\/api.w.org\/{rel}","templated":true}]}}