{"id":8716945,"date":"2015-02-26T06:55:40","date_gmt":"2015-02-26T06:55:40","guid":{"rendered":"https:\/\/www.upo.es\/diario\/?p=8716945"},"modified":"2015-02-27T10:19:27","modified_gmt":"2015-02-27T10:19:27","slug":"la-universidad-pablo-de-olavide-rinde-hoy-homenaje-al-profesor-javier-lasarte","status":"publish","type":"post","link":"https:\/\/www.upo.es\/diario\/institucional\/2015\/02\/la-universidad-pablo-de-olavide-rinde-hoy-homenaje-al-profesor-javier-lasarte\/","title":{"rendered":"La Universidad Pablo de Olavide rinde hoy homenaje al profesor Javier Lasarte"},"content":{"rendered":"<figure id=\"attachment_8716946\" aria-describedby=\"caption-attachment-8716946\" style=\"width: 600px\" class=\"wp-caption aligncenter\"><a href=\"https:\/\/www.upo.es\/diario\/wp-content\/uploads\/2015\/02\/javierlasarte.jpg\"><img loading=\"lazy\" decoding=\"async\" class=\"size-large wp-image-8716946\" alt=\"Javier Lasarte ha sido catedr\u00e1tico de Derecho financiero y tributario y profesor em\u00e9rito de la Universidad Pablo de Olavide.\" src=\"https:\/\/www.upo.es\/diario\/wp-content\/uploads\/2015\/02\/javierlasarte-600x521.jpg\" width=\"600\" height=\"521\" srcset=\"https:\/\/www.upo.es\/diario\/wp-content\/uploads\/2015\/02\/javierlasarte-600x521.jpg 600w, https:\/\/www.upo.es\/diario\/wp-content\/uploads\/2015\/02\/javierlasarte-320x277.jpg 320w, https:\/\/www.upo.es\/diario\/wp-content\/uploads\/2015\/02\/javierlasarte.jpg 1368w\" sizes=\"auto, (max-width: 600px) 100vw, 600px\" \/><\/a><figcaption id=\"caption-attachment-8716946\" class=\"wp-caption-text\">Javier Lasarte ha sido catedr\u00e1tico de Derecho financiero y tributario y profesor em\u00e9rito de la Universidad Pablo de Olavide.<\/figcaption><\/figure>\n<p>Hoy jueves 26 de febrero a las 18.30 horas en el Real Alc\u00e1zar de Sevilla, tendr\u00e1 lugar la celebraci\u00f3n de un gran acto de homenaje a Javier Lasarte, catedr\u00e1tico de Derecho financiero y tributario y profesor em\u00e9rito de la Universidad Pablo de Olavide, con motivo de su jubilaci\u00f3n. Al acto, que estar\u00e1 presidido por el rector de la UPO, Vicente Guzm\u00e1n, acudir\u00e1n numerosas personalidades del mundo del Derecho financiero y tributario, amigos y compa\u00f1eros del profesor Javier Lasarte \u00c1lvarez, Medalla de Honor de la Universidad Pablo de Olavide en 2011.<\/p>\n<p>En el acto homenaje al que fuera primer presidente del Consejo para la Defensa del Contribuyente y que en la actualidad preside la Real Academia Sevillana de Legislaci\u00f3n y Jurisprudencia intervendr\u00e1nVicente Guzm\u00e1n Fluja, rector de la Universidad Pablo de Olavide; Andr\u00e9s Rodr\u00edguez Benot, decano de la Facultad de Derecho de la Universidad Pablo de Olavide; Jes\u00fas Ramos Prieto, profesor titular de Derecho financiero y tributario y director del Departamento de Derecho p\u00fablico de la Universidad Pablo de Olavide, as\u00ed como el propio profesor Javier Lasarte, y los catedr\u00e1ticos de Derecho financiero y tributario Francisco Adame Mart\u00ednez, de la Universidad de Sevilla, Ernesto Eseverri Mart\u00ednez, de la Universidad de Granada, y Alejandro Men\u00e9ndez Moreno, de la Universidad de Valladolid; Carlos Lasarte \u00c1lvarez, catedr\u00e1tico de Derecho civil y director del Departamento de Derecho civil de la UNED; Jacques Malherbe, profesor em\u00e9rito de la Universidad Cat\u00f3lica de Lovaina, y Roc\u00edo Lasarte L\u00f3pez, profesora contratada doctora de Derecho financiero y tributario de la Universidad de Sevilla.<\/p>\n<p>Tambi\u00e9n participar\u00e1n en este reconocimiento a uno de los m\u00e1s reputados expertos en Derecho financiero y tributario, Eduardo Luque Delgado, presidente de la Asociaci\u00f3n Espa\u00f1ola de Asesores Fiscales; Jes\u00fas Rodr\u00edguez M\u00e1rquez, subdirector de Estudios del Instituto de Estudios Fiscales; Alberto Garc\u00eda Valera, delegado especial de la Agencia Estatal de Administraci\u00f3n Tributaria en Andaluc\u00eda, y Javier Landa Bercebal, primer teniente de alcalde del Ayuntamiento de Sevilla.<b>\u00a0<\/b><\/p>\n<p><b>JAVIER LASARTE \u00c1LVAREZ<\/b><\/p>\n<p>Javier Lasarte (Herrera, Sevilla, 1940) ha sido hasta septiembre de 2014 profesor em\u00e9rito de la Universidad Pablo de Olavide de Sevilla, donde ha sido catedr\u00e1tico de Derecho financiero y tributario desde 1999. Anteriormente fue catedr\u00e1tico de Derecho financiero y tributario de la Universidad de Granada (1971-1983) y de Sevilla (1983-1999).<\/p>\n<p>Primer presidente del Consejo para la Defensa del Contribuyente desde 1997 hasta abril de 2001, \u00f3rgano consultivo de la Secretar\u00eda de Estado de Hacienda, ha colaborado con el Ministerio de Hacienda como asesor,\u00a0 y fue vocal de la primera Comisi\u00f3n para la Evaluaci\u00f3n del Fraude Fiscal de dicho Ministerio. Desde 1996, fue presidente de la Comisi\u00f3n para el estudio sobre la cesi\u00f3n parcial del Impuesto sobre la Renta a las Comunidades Aut\u00f3nomas y presidente de la Comisi\u00f3n para el estudio y propuesta de un nuevo sistema de financiaci\u00f3n de las Comunidades Aut\u00f3nomas aplicable a partir de 2002, as\u00ed como vocal de la Comisi\u00f3n para la reforma de la Ley General Tributaria, todas ellas creadas por la Secretar\u00eda de Estado de Hacienda.<\/p>\n<p>Javier Lasarte ha impartido ense\u00f1anza como profesor invitado en las Facultades de Derecho de la Universidad de la Sorbona de Par\u00eds, R. Schuman de Estrasburgo y la Universidad de Bolonia, en la que actualmente pertenece a la Escuela Europea de Estudios Tributarios Avanzados.<\/p>\n<p>Autor de un extenso listado de trabajos cient\u00edficos, publicados como libros, cap\u00edtulos de libro, manuales y art\u00edculos en revistas nacionales e internacionales, sobre multitud de aspectos del Derecho financiero y tributario y la historia de la Hacienda, ha recibido el Premio del Instituto de Estudios Fiscales de 1974 por su libro \u00abEconom\u00eda y Hacienda en el Antiguo R\u00e9gimen. Dos estudios\u00bb, y el Premio del Centro de Estudios Constitucionales 1810 (IX Edici\u00f3n) por su libro \u00abLa contribuci\u00f3n extraordinaria de guerra de la Junta Central y las Cortes de C\u00e1diz (1810-1813) Or\u00edgenes de la imposici\u00f3n personal en Espa\u00f1a\u00bb.<\/p>\n<p>Lasarte es acad\u00e9mico de N\u00famero de la Real Academia Sevillana de Legislaci\u00f3n y Jurisprudencia, de la que actualmente es presidente, y es miembro, entre otras, de las Asociaciones Espa\u00f1olas de Derecho Financiero y de Profesores de Derecho Financiero y Tributario. Ha sido patrono de la Fundaci\u00f3n para la Promoci\u00f3n de Estudios Financieros.<\/p>\n<p><b>CONFERENCIA DEL PROFESOR MALHERBE<\/b><\/p>\n<p>Como preludio acad\u00e9mico al acto homenaje al profesor Javier Lasarte, el \u00e1rea de Derecho financiero y tributario de la UPO ha organizado para hoy jueves por la ma\u00f1ana, \u00a0a las 11:30 horas en el sal\u00f3n de grados del edificio 6 de la UPO, una conferencia a cargo de Jacques Malherbe, catedr\u00e1tico em\u00e9rito de la Universidad Cat\u00f3lica de Lovaina y abogado especializado en temas fiscales.<\/p>\n<p>El <a href=\"http:\/\/jacques-malherbe.com\/\">profesor Malherbe<\/a> es uno de los profesores de Derecho Tributario m\u00e1s prestigiosos en el \u00e1mbito europeo, adem\u00e1s de miembro desde su creaci\u00f3n de la Escuela Europea de Estudios Tributarios Avanzados de la Universidad de Bolonia, a la que la UPO tambi\u00e9n pertenece.<\/p>\n<p>Su conferencia, que llevar\u00e1 por t\u00edtulo \u00abLa tributaci\u00f3n sobre sucesiones y donaciones en B\u00e9lgica\u00bb, se enmarca en el Proyecto de Investigacion de Excelencia de la Universidad Pablo de Olavide SEJ-7089 \u201cLas sucesiones transfronterizas en la Uni\u00f3n Europea: r\u00e9gimen jur\u00eddico y problemas fiscales\u00bb, financiado por la Junta de Andaluc\u00eda.<\/p>\n","protected":false},"excerpt":{"rendered":"<p>Hoy jueves 26 de febrero a las 18.30 horas en el Real Alc\u00e1zar de Sevilla, tendr\u00e1 lugar la celebraci\u00f3n de un gran acto de homenaje a Javier Lasarte, catedr\u00e1tico de Derecho financiero y tributario y profesor em\u00e9rito de la Universidad Pablo de Olavide, con motivo de su jubilaci\u00f3n. Al acto, que estar\u00e1 presidido por el rector de la UPO, Vicente Guzm\u00e1n, acudir\u00e1n numerosas personalidades del mundo del Derecho financiero y tributario, amigos y compa\u00f1eros del profesor Javier Lasarte \u00c1lvarez, Medalla de Honor de la Universidad Pablo de Olavide en 2011. <\/p>\n","protected":false},"author":2,"featured_media":0,"comment_status":"closed","ping_status":"open","sticky":false,"template":"","format":"standard","meta":{"_monsterinsights_skip_tracking":false,"_monsterinsights_sitenote_active":false,"_monsterinsights_sitenote_note":"","_monsterinsights_sitenote_category":0,"footnotes":""},"categories":[6],"tags":[87,81,308,2187,2188],"class_list":["post-8716945","post","type-post","status-publish","format-standard","hentry","category-institucional","tag-derecho","tag-facultad-de-derecho","tag-homenaje","tag-javier-lasarte","tag-medalla-de-honor-upo"],"_links":{"self":[{"href":"https:\/\/www.upo.es\/diario\/wp-json\/wp\/v2\/posts\/8716945","targetHints":{"allow":["GET"]}}],"collection":[{"href":"https:\/\/www.upo.es\/diario\/wp-json\/wp\/v2\/posts"}],"about":[{"href":"https:\/\/www.upo.es\/diario\/wp-json\/wp\/v2\/types\/post"}],"author":[{"embeddable":true,"href":"https:\/\/www.upo.es\/diario\/wp-json\/wp\/v2\/users\/2"}],"replies":[{"embeddable":true,"href":"https:\/\/www.upo.es\/diario\/wp-json\/wp\/v2\/comments?post=8716945"}],"version-history":[{"count":8,"href":"https:\/\/www.upo.es\/diario\/wp-json\/wp\/v2\/posts\/8716945\/revisions"}],"predecessor-version":[{"id":8740743,"href":"https:\/\/www.upo.es\/diario\/wp-json\/wp\/v2\/posts\/8716945\/revisions\/8740743"}],"wp:attachment":[{"href":"https:\/\/www.upo.es\/diario\/wp-json\/wp\/v2\/media?parent=8716945"}],"wp:term":[{"taxonomy":"category","embeddable":true,"href":"https:\/\/www.upo.es\/diario\/wp-json\/wp\/v2\/categories?post=8716945"},{"taxonomy":"post_tag","embeddable":true,"href":"https:\/\/www.upo.es\/diario\/wp-json\/wp\/v2\/tags?post=8716945"}],"curies":[{"name":"wp","href":"https:\/\/api.w.org\/{rel}","templated":true}]}}