{"id":8802252,"date":"2015-03-03T10:40:33","date_gmt":"2015-03-03T10:40:33","guid":{"rendered":"https:\/\/www.upo.es\/diario\/?p=8802252"},"modified":"2015-03-04T07:20:43","modified_gmt":"2015-03-04T07:20:43","slug":"jose-antonio-sanchez-alcazar-recibe-el-premio-andalucia-del-ayuntamiento-de-marchena","status":"publish","type":"post","link":"https:\/\/www.upo.es\/diario\/institucional\/2015\/03\/jose-antonio-sanchez-alcazar-recibe-el-premio-andalucia-del-ayuntamiento-de-marchena\/","title":{"rendered":"Jos\u00e9 Antonio S\u00e1nchez Alc\u00e1zar recibe el Premio Andaluc\u00eda del Ayuntamiento de Marchena"},"content":{"rendered":"<figure id=\"attachment_8802254\" aria-describedby=\"caption-attachment-8802254\" style=\"width: 320px\" class=\"wp-caption alignright\"><a href=\"https:\/\/www.upo.es\/diario\/wp-content\/uploads\/2015\/03\/andalucia-pleno-24.jpg\"><img loading=\"lazy\" decoding=\"async\" class=\"size-medium wp-image-8802254    \" alt=\"Jos\u00e9 Antonio S\u00e1nchez Alc\u00e1zar recibi\u00f3 el Premio de Andaluc\u00eda en la categor\u00eda de Investigaci\u00f3n\" src=\"https:\/\/www.upo.es\/diario\/wp-content\/uploads\/2015\/03\/andalucia-pleno-24-320x213.jpg\" width=\"320\" height=\"213\" srcset=\"https:\/\/www.upo.es\/diario\/wp-content\/uploads\/2015\/03\/andalucia-pleno-24-320x213.jpg 320w, https:\/\/www.upo.es\/diario\/wp-content\/uploads\/2015\/03\/andalucia-pleno-24-600x399.jpg 600w, https:\/\/www.upo.es\/diario\/wp-content\/uploads\/2015\/03\/andalucia-pleno-24.jpg 640w\" sizes=\"auto, (max-width: 320px) 100vw, 320px\" \/><\/a><figcaption id=\"caption-attachment-8802254\" class=\"wp-caption-text\">Jos\u00e9 Antonio S\u00e1nchez Alc\u00e1zar recibe el Premio Andaluc\u00eda en la categor\u00eda de Investigaci\u00f3n<\/figcaption><\/figure>\n<p>El director del grupo de investigaci\u00f3n de Fisiopatolog\u00eda Celular en la Enfermedad y el Desarrollo, de la Universidad Pablo de Olavide, <strong>Jos\u00e9 Antonio S\u00e1nchez Alc\u00e1zar<\/strong>, ha recibido el pasado s\u00e1bado 28 de febrero el <strong>Premio Andaluc\u00eda<\/strong> del Ayuntamiento de la localidad de Marchena en la celebraci\u00f3n de un pleno solemne por el D\u00eda de Andaluc\u00eda, un acto que es tradici\u00f3n en la localidad desde hace varios a\u00f1os y al que han acudido 200 personas en el Sal\u00f3n de Actos del Ayuntamiento.<\/p>\n<p>Jos\u00e9 Antonio S\u00e1nchez Alc\u00e1zar, licenciado en Biolog\u00eda y dedicado toda una vida a la investigaci\u00f3n, fue presentado por la concejala del Grupo Socialista Mar\u00eda del Mar Romero, quien destac\u00f3 el \u00abhonor\u00bb que le ha supuesto presentar a este Marchenero del A\u00f1o que adem\u00e1s es doctor en Medicina, especialista en Bioqu\u00edmica cl\u00ednica, asiduo en publicaciones cient\u00edficas y que ha completado estancias postdoctorales en Inglaterra y Estados Unidos, entre otros lugares del mundo.<\/p>\n<p>Adem\u00e1s, hoy en d\u00eda es director del grupo de investigaci\u00f3n de Fisiopatolog\u00eda Celular en la Enfermedad y el Desarrollo, del Centro Andaluz de Biolog\u00eda del Desarrollo, centro mixto de investigaci\u00f3n del CSIC, la Universidad Pablo de Olavide de Sevilla y la Junta de Andaluc\u00eda, y dirige un grupo de aproximadamente una decena de profesionales. Desentra\u00f1ar los enigmas de los mecanismos celulares, frenar las patolog\u00edas mitoncondriales, profundizar en el estudio de enfermedades raras y en de la fibromialgia, investigar para introducir mejoras en el tratamiento contra el c\u00e1ncer, forman parte del trabajo de un profesor e investigador que ya en su d\u00eda advirti\u00f3 del \u00abproblema social y sanitario\u00bb que suponen las enfermedades raras, m\u00e1s de 7.000 y con unos 150.000 casos en la provincia de Sevilla, rese\u00f1\u00f3 Mar Romero.<\/p>\n<p>Uno de sus \u00faltimos trabajos ha sido la patente de un compuesto para generar c\u00e9lulas zombies con m\u00faltiples utilidades en trasplantes, regeneraci\u00f3n de tejidos card\u00edacos o para evitar efectos t\u00f3xicos en los tratamientos contra el c\u00e1ncer y todo ello le ha llevado a S\u00e1nchez Alc\u00e1zar a ser un cient\u00edfico de reconocido prestigio en Andaluc\u00eda y a nivel internacional y a recibir el premio de Marchenero del A\u00f1o en la categor\u00eda de investigaci\u00f3n.<\/p>\n<p>Jos\u00e9 Antonio S\u00e1nchez Alc\u00e1zar agradeci\u00f3 la presencia de sus amigos, paisanos y al Ayuntamiento de Marchena la designaci\u00f3n de un premio que \u00abtengo que compartirlo con todos aquellos que han colaborado en mi proyecto personal\u00bb. \u201cA mis padres, Manuel y Francisca, que son el faro que gu\u00eda mi vida, mi esposa Antonia y mis hijos Alejandro y Soledad, mi ilusi\u00f3n y lo m\u00e1s importante, quienes soportan mi exigencia con mi compromiso personal\u00bb, afirm\u00f3. A\u00f1adi\u00f3 tambi\u00e9n que \u00ablo dedico a mis hermanos y hermanas, a mi familia, a mis amigos, todos fuente inagotable de cari\u00f1o y afecto, a gente que ha venido de Sevilla y de Barcelona para estar hoy aqu\u00ed\u00bb.<\/p>\n<p>Asimismo,\u00a0 el investigador tuvo tambi\u00e9n especial recuerdo para Miguel Iborra, recientemente fallecido y que \u00abfue para m\u00ed como un padre profesional cuando trabaj\u00e9 en su ciudad\u00bb, as\u00ed como para Marchena, su pueblo que est\u00e1 ah\u00ed para darle \u00abun empuj\u00f3n\u00bb siempre en sus proyectos.<\/p>\n<p>El tratamiento de enfermedades raras o poco prevalentes, precisamente en el D\u00eda Mundial de las Enfermedades Raras, record\u00f3 el investigador marchenero, \u00abes un desaf\u00edo para la ciencia y para la sociedad\u00bb, afirm\u00f3, a\u00f1adiendo enfermedades como las neurodegenerativas por acumulaci\u00f3n de hierro y avanzando nuevos resultados prometedores para un futuro pr\u00f3ximo o los estudios para mantener con m\u00e1s tiempo de vida a las c\u00e9lulas.<\/p>\n<p>Finalmente, agradeci\u00f3 a asociaciones como las de Pacientes Mitocondriales y de la Asociaci\u00f3n de Enfermos por Acumulaci\u00f3n de Hierro su ayuda econ\u00f3mica y humana \u00absin la cual no se podr\u00edan mantener las investigaciones\u00bb e hizo de nuevo muestras de su \u201cmarcheneridad\u201d, pues a pesar de trabajar en Sevilla durante muchos a\u00f1os desarrolla su vida en el pueblo, expresando que \u00abmi coraz\u00f3n se siente orgulloso de ser marchenero y del cari\u00f1o del pueblo y de los presentes\u00bb en este acto del D\u00eda de Andaluc\u00eda.<\/p>\n<p>El acto tambi\u00e9n otorg\u00f3 premios en otras categor\u00edas, en la de Educaci\u00f3n fue el colegio Santa Isabel y a la madre superiora del colegio Sor Sagrario del Campo; en la categor\u00eda de Cultura a las Centurias Romanas por hacer de la Semana Santa de Marchena \u201cun punto de referencia\u201d; en Actividad Econ\u00f3mica el premio fue para Hermanos Vaquero SL; en Solidaridad el premiado fue Manuel Henares, y finalmente en Deportes, Rafael L\u00f3pez Ord\u00f3\u00f1ez.<\/p>\n<p align=\"center\"><b>\u00a0<\/b><\/p>\n","protected":false},"excerpt":{"rendered":"<p>El director del grupo de investigaci\u00f3n de Fisiopatolog\u00eda Celular en la Enfermedad y el Desarrollo, de la Universidad Pablo de Olavide, Jos\u00e9 Antonio S\u00e1nchez Alc\u00e1zar, ha recibido el pasado s\u00e1bado 28 de febrero el Premio Andaluc\u00eda del Ayuntamiento de la localidad de Marchena en la celebraci\u00f3n de un pleno solemne por el D\u00eda de Andaluc\u00eda, un acto que es tradici\u00f3n en la localidad desde hace varios a\u00f1os y al que han acudido 200 personas en el Sal\u00f3n de Actos del Ayuntamiento.<\/p>\n","protected":false},"author":10,"featured_media":0,"comment_status":"closed","ping_status":"open","sticky":false,"template":"","format":"standard","meta":{"_monsterinsights_skip_tracking":false,"_monsterinsights_sitenote_active":false,"_monsterinsights_sitenote_note":"","_monsterinsights_sitenote_category":0,"footnotes":""},"categories":[6],"tags":[56,1832,2207],"class_list":["post-8802252","post","type-post","status-publish","format-standard","hentry","category-institucional","tag-investigacion","tag-jose-antonio-sanchez-alcazar","tag-premio-andalucia"],"_links":{"self":[{"href":"https:\/\/www.upo.es\/diario\/wp-json\/wp\/v2\/posts\/8802252","targetHints":{"allow":["GET"]}}],"collection":[{"href":"https:\/\/www.upo.es\/diario\/wp-json\/wp\/v2\/posts"}],"about":[{"href":"https:\/\/www.upo.es\/diario\/wp-json\/wp\/v2\/types\/post"}],"author":[{"embeddable":true,"href":"https:\/\/www.upo.es\/diario\/wp-json\/wp\/v2\/users\/10"}],"replies":[{"embeddable":true,"href":"https:\/\/www.upo.es\/diario\/wp-json\/wp\/v2\/comments?post=8802252"}],"version-history":[{"count":7,"href":"https:\/\/www.upo.es\/diario\/wp-json\/wp\/v2\/posts\/8802252\/revisions"}],"predecessor-version":[{"id":8802906,"href":"https:\/\/www.upo.es\/diario\/wp-json\/wp\/v2\/posts\/8802252\/revisions\/8802906"}],"wp:attachment":[{"href":"https:\/\/www.upo.es\/diario\/wp-json\/wp\/v2\/media?parent=8802252"}],"wp:term":[{"taxonomy":"category","embeddable":true,"href":"https:\/\/www.upo.es\/diario\/wp-json\/wp\/v2\/categories?post=8802252"},{"taxonomy":"post_tag","embeddable":true,"href":"https:\/\/www.upo.es\/diario\/wp-json\/wp\/v2\/tags?post=8802252"}],"curies":[{"name":"wp","href":"https:\/\/api.w.org\/{rel}","templated":true}]}}