{"id":8804860,"date":"2015-03-03T06:58:03","date_gmt":"2015-03-03T06:58:03","guid":{"rendered":"https:\/\/www.upo.es\/diario\/?p=8804860"},"modified":"2015-03-03T10:24:48","modified_gmt":"2015-03-03T10:24:48","slug":"el-ceupo-celebra-el-dia-de-andalucia-manana-martes-y-el-miercoles-con-diversas-actividades","status":"publish","type":"post","link":"https:\/\/www.upo.es\/diario\/institucional\/2015\/03\/el-ceupo-celebra-el-dia-de-andalucia-manana-martes-y-el-miercoles-con-diversas-actividades\/","title":{"rendered":"El CEUPO celebra el d\u00eda de Andaluc\u00eda hoy martes y el mi\u00e9rcoles con diversas actividades"},"content":{"rendered":"<figure id=\"attachment_8823869\" aria-describedby=\"caption-attachment-8823869\" style=\"width: 320px\" class=\"wp-caption alignright\"><a href=\"https:\/\/www.upo.es\/diario\/institucional\/2015\/03\/el-ceupo-celebra-el-dia-de-andalucia-manana-martes-y-el-miercoles-con-diversas-actividades\/attachment\/img_6128\/\" rel=\"attachment wp-att-8823869\"><img loading=\"lazy\" decoding=\"async\" class=\"size-medium wp-image-8823869\" alt=\"Desayuno andaluz para celebrar el D\u00eda de Andaluc\u00eda en la UPO\" src=\"https:\/\/www.upo.es\/diario\/wp-content\/uploads\/2015\/03\/IMG_6128-320x257.jpg\" width=\"320\" height=\"257\" srcset=\"https:\/\/www.upo.es\/diario\/wp-content\/uploads\/2015\/03\/IMG_6128-320x257.jpg 320w, https:\/\/www.upo.es\/diario\/wp-content\/uploads\/2015\/03\/IMG_6128-600x482.jpg 600w\" sizes=\"auto, (max-width: 320px) 100vw, 320px\" \/><\/a><figcaption id=\"caption-attachment-8823869\" class=\"wp-caption-text\">Desayuno andaluz para celebrar el D\u00eda de Andaluc\u00eda en la UPO<\/figcaption><\/figure>\n<p>El <strong>Consejo de Estudiantes de la Universidad Pablo de Olavide<\/strong> con motivo de la celebraci\u00f3n del <strong>d\u00eda de Andaluc\u00eda<\/strong>, ha organizado una serie de actividades a lo largo de esta semana en las que podr\u00e1 participar toda la comunidad universitaria.\u00a0 El hashtag utilizado para seguir el evento por redes sociales ser\u00e1 #<strong>AndalUPO<\/strong><\/p>\n<p>Para hoy martes y el mi\u00e9rcoles, se celebrar\u00e1 un <strong>desayuno andaluz<\/strong> a las 9:30 horas en el Pasaje de la Ilustraci\u00f3n, a la altura del edificio 14. Tambi\u00e9n han organizado clases de sevillanas para hoy martes de 16 a 18 horas y para el mi\u00e9rcoles de 12 a 14 horas en el pabell\u00f3n semicubierto de la UPO, as\u00ed\u00a0 como un photocall ambos d\u00edas que tendr\u00e1 lugar en la galer\u00eda de la Ilustraci\u00f3n de 9:30 a 11 horas y de 14 a 16 horas.<\/p>\n<p>El CEUPO ha programado asimismo una <strong>ponencia sobre el exilio andaluz<\/strong> y un <strong>debate sobre el contexto pol\u00edtico en Andaluc\u00eda<\/strong>. La ponencia, que abordar\u00e1 el exilio y andalucismo, el exilio por la guerra civil y el de la juventud actual, se celebrar\u00e1 hoy martes a las 12 horas en el sal\u00f3n de grados del edificio 7 a cargo de Manuel Jes\u00fas Fern\u00e1ndez Naranjo, licenciado en Historia y profesor de Instituto de Sociales. El hashtag para los comentarios sobre esta ponencia ser\u00e1 #<strong>ExilioAndaluz<\/strong><\/p>\n<p>En cuanto al debate pol\u00edtico, con el nombre <strong>\u201cAndaluc\u00eda a Debate\u201d<\/strong>, se celebrar\u00e1 el mi\u00e9rcoles 4 de marzo a las 17.30 horas en el Paraninfo, con la presencia de representantes de diversos partidos pol\u00edticos. En el mismo se debatir\u00e1n cuatro temas, de ellos uno ser\u00e1 el sistema universitario andaluz, y los otros tres ser\u00e1n sometidos a votaci\u00f3n a trav\u00e9s de Facebook, comentando en la publicaci\u00f3n del Consejo Estudiantes Universidad Pablo de Olavide, o a trav\u00e9s de Twitter, mencionando el hashtag #AndaluzasUPO<\/p>\n<p>Los temas entre los que elegir son los siguientes: corrupci\u00f3n, transparencia, medio ambiente, vivienda, servicios sociales, sanidad, educaci\u00f3n, participaci\u00f3n, juventud, igualdad\/ feminismo, seguridad, Uni\u00f3n Europea, reforma de la administraci\u00f3n, o inmigraci\u00f3n.<\/p>\n<p>&nbsp;<\/p>\n<p>&nbsp;<\/p>\n","protected":false},"excerpt":{"rendered":"<p>El Consejo de Estudiantes de la Universidad Pablo de Olavide con motivo de la celebraci\u00f3n del d\u00eda de Andaluc\u00eda, ha organizado una serie de actividades a lo largo de esta semana en las que podr\u00e1 participar toda la comunidad universitaria.  El hashtag utilizado para seguir el evento por redes sociales ser\u00e1 #AndalUPO <\/p>\n","protected":false},"author":6,"featured_media":0,"comment_status":"closed","ping_status":"open","sticky":false,"template":"","format":"standard","meta":{"_monsterinsights_skip_tracking":false,"_monsterinsights_sitenote_active":false,"_monsterinsights_sitenote_note":"","_monsterinsights_sitenote_category":0,"footnotes":""},"categories":[6],"tags":[190,100,662,21,2210,76],"class_list":["post-8804860","post","type-post","status-publish","format-standard","hentry","category-institucional","tag-andalucia","tag-ceupo","tag-debate","tag-estudiantes","tag-partidos-politicos","tag-politica"],"_links":{"self":[{"href":"https:\/\/www.upo.es\/diario\/wp-json\/wp\/v2\/posts\/8804860","targetHints":{"allow":["GET"]}}],"collection":[{"href":"https:\/\/www.upo.es\/diario\/wp-json\/wp\/v2\/posts"}],"about":[{"href":"https:\/\/www.upo.es\/diario\/wp-json\/wp\/v2\/types\/post"}],"author":[{"embeddable":true,"href":"https:\/\/www.upo.es\/diario\/wp-json\/wp\/v2\/users\/6"}],"replies":[{"embeddable":true,"href":"https:\/\/www.upo.es\/diario\/wp-json\/wp\/v2\/comments?post=8804860"}],"version-history":[{"count":6,"href":"https:\/\/www.upo.es\/diario\/wp-json\/wp\/v2\/posts\/8804860\/revisions"}],"predecessor-version":[{"id":8804865,"href":"https:\/\/www.upo.es\/diario\/wp-json\/wp\/v2\/posts\/8804860\/revisions\/8804865"}],"wp:attachment":[{"href":"https:\/\/www.upo.es\/diario\/wp-json\/wp\/v2\/media?parent=8804860"}],"wp:term":[{"taxonomy":"category","embeddable":true,"href":"https:\/\/www.upo.es\/diario\/wp-json\/wp\/v2\/categories?post=8804860"},{"taxonomy":"post_tag","embeddable":true,"href":"https:\/\/www.upo.es\/diario\/wp-json\/wp\/v2\/tags?post=8804860"}],"curies":[{"name":"wp","href":"https:\/\/api.w.org\/{rel}","templated":true}]}}