{"id":8827352,"date":"2015-03-04T07:00:16","date_gmt":"2015-03-04T07:00:16","guid":{"rendered":"https:\/\/www.upo.es\/diario\/?p=8827352"},"modified":"2015-03-05T07:12:13","modified_gmt":"2015-03-05T07:12:13","slug":"manana-debate-sobre-andalucia-organizado-por-el-consejo-de-estudiantes-de-la-upo","status":"publish","type":"post","link":"https:\/\/www.upo.es\/diario\/institucional\/2015\/03\/manana-debate-sobre-andalucia-organizado-por-el-consejo-de-estudiantes-de-la-upo\/","title":{"rendered":"Hoy, debate sobre Andaluc\u00eda organizado por el Consejo de Estudiantes de la UPO"},"content":{"rendered":"<p><a href=\"https:\/\/www.upo.es\/diario\/wp-content\/uploads\/2015\/03\/andalucia-debate-ceupo-cartel.jpg\"><img loading=\"lazy\" decoding=\"async\" class=\"alignright size-medium wp-image-8827353\" alt=\"Andaluc\u00eda a Debate-4 de marzo a las 17.30 horas\" src=\"https:\/\/www.upo.es\/diario\/wp-content\/uploads\/2015\/03\/andalucia-debate-ceupo-cartel-226x320.jpg\" width=\"226\" height=\"320\" srcset=\"https:\/\/www.upo.es\/diario\/wp-content\/uploads\/2015\/03\/andalucia-debate-ceupo-cartel-226x320.jpg 226w, https:\/\/www.upo.es\/diario\/wp-content\/uploads\/2015\/03\/andalucia-debate-ceupo-cartel-424x600.jpg 424w, https:\/\/www.upo.es\/diario\/wp-content\/uploads\/2015\/03\/andalucia-debate-ceupo-cartel-600x848.jpg 600w\" sizes=\"auto, (max-width: 226px) 100vw, 226px\" \/><\/a>Hoy mi\u00e9rcoles 4 de marzo, <strong>a las 17.30 horas en el Paraninfo de la Universidad Pablo de Olavide<\/strong>, se celebrar\u00e1 el debate pol\u00edtico<strong> \u201cAndaluc\u00eda a Debate\u201d<\/strong>, <strong>con la presencia de representantes de diversos partidos pol\u00edticos<\/strong>, organizado por el Consejo de Estudiantes de la UPO en el marco de las actividades que se celebran\u00a0 desde ayer martes hasta hoy con motivo del D\u00eda de Andaluc\u00eda.<\/p>\n<p>En el debate, moderado por <a href=\"http:\/\/upoemprende.upo.es\/iniciativas\/camara-civica\/\" target=\"_blank\">C\u00e1mara C\u00edvica<\/a>, participar\u00e1n Jos\u00e9 Antonio Hidalgo Garc\u00eda, n\u00famero 10 del PSOE en las listas al Parlamento Andaluz; Pedro Gonz\u00e1lez Rodr\u00edguez-Albari\u00f1o, secretario general de Nuevas Generaciones en Sevilla y concejal del Ayuntamiento de Tomares, por el PP; Manuel Guti\u00e9rrez Arregui, n\u00famero 3 de IU en las listas al Parlamento Andaluz por la provincia de Sevilla; David Jes\u00fas Moscoso S\u00e1nchez, n\u00famero 1 de Podemos en las listas al Parlamento Andaluz por la provincia de C\u00f3rdoba; Manuel Varela, n\u00famero 5\u00ba de Ciudadanos en las listas al Parlamento Andaluz; Carmen Lamana G\u00f3mez, n\u00famero 2 de UPyD en las listas al Parlamento Andaluz, y Carmen S\u00e1nchez Quir\u00f3s, n\u00famero 2 del PA en las listas al Parlamento Andaluz y concejala del Ayuntamiento de Estepa.<\/p>\n<p>Los representantes pol\u00edticos <strong>debatir\u00e1n cuatro temas, de ellos uno, educaci\u00f3n y sistema universitario, ha sido propuesto por los organizadores y los otros tres han sido elegidos por los asistentes<\/strong>\u00a0a trav\u00e9s de Facebook y Twitter: <strong>corrupci\u00f3n, transparencia y administraci\u00f3n p\u00fablica y juventud<\/strong>.<\/p>\n<p>El debate se enmarca en las actividades organizadas por el Consejo de Estudiantes de la Universidad Pablo de Olavide con motivo de la celebraci\u00f3n del d\u00eda de Andaluc\u00eda.\u00a0 El hashtag utilizado para seguir el evento por redes sociales ser\u00e1 #<strong>AndaluzasUPO<\/strong>\u00a0, as\u00ed mismo podr\u00e1 seguirse en directo a trav\u00e9s del siguiente enlace:\u00a0<a title=\"http:\/\/upotv.upo.es\/es\/directo\/2.html\" href=\"http:\/\/upotv.upo.es\/es\/directo\/2.html\" target=\"_blank\">http:\/\/upotv.upo.es\/es\/directo\/2.html<\/a><\/p>\n<figure id=\"attachment_8823869\" aria-describedby=\"caption-attachment-8823869\" style=\"width: 320px\" class=\"wp-caption alignright\"><a href=\"https:\/\/www.upo.es\/diario\/wp-content\/uploads\/2015\/03\/IMG_6128.jpg\"><img loading=\"lazy\" decoding=\"async\" class=\"size-medium wp-image-8823869\" alt=\"Desayuno andaluz para celebrar el D\u00eda de Andaluc\u00eda \" src=\"https:\/\/www.upo.es\/diario\/wp-content\/uploads\/2015\/03\/IMG_6128-320x257.jpg\" width=\"320\" height=\"257\" srcset=\"https:\/\/www.upo.es\/diario\/wp-content\/uploads\/2015\/03\/IMG_6128-320x257.jpg 320w, https:\/\/www.upo.es\/diario\/wp-content\/uploads\/2015\/03\/IMG_6128-600x482.jpg 600w\" sizes=\"auto, (max-width: 320px) 100vw, 320px\" \/><\/a><figcaption id=\"caption-attachment-8823869\" class=\"wp-caption-text\">Desayuno andaluz para celebrar el D\u00eda de Andaluc\u00eda<\/figcaption><\/figure>\n<p>Tambi\u00e9n hoy mi\u00e9rcoles se celebra un <strong>desayuno andaluz a las 9:30 horas en el Pasaje de la Ilustraci\u00f3n<\/strong>, a la altura del edificio 14. Tambi\u00e9n han organizado clases de sevillanas de 12 a 14 horas en el pabell\u00f3n semicubierto de la UPO, as\u00ed\u00a0 como un photocall \u00a0que tendr\u00e1 lugar en la galer\u00eda de la Ilustraci\u00f3n de 9:30 a 11 horas y de 14 a 16 horas.<\/p>\n<p>El CEUPO ha programado asimismo una ponencia sobre el exilio andaluz y un debate sobre el contexto pol\u00edtico en Andaluc\u00eda. La ponencia, sobre el exilio y andalucismo, el exilio por la guerra civil y el de la juventud actual, fue impartida ayer por Manuel Jes\u00fas Fern\u00e1ndez Naranjo, licenciado en Historia y profesor de Instituto de Sociales.<\/p>\n","protected":false},"excerpt":{"rendered":"<p>Hoy mi\u00e9rcoles, a las 17.30 horas en el Paraninfo de la Universidad Pablo de Olavide, se celebrar\u00e1 el debate pol\u00edtico \u201cAndaluc\u00eda a Debate\u201d, con la presencia de representantes de diversos partidos pol\u00edticos, organizado por el Consejo de Estudiantes de la UPO en el marco de las actividades que se celebran  desde ayer martes hasta hoy con motivo del D\u00eda de Andaluc\u00eda.<\/p>\n","protected":false},"author":6,"featured_media":0,"comment_status":"closed","ping_status":"open","sticky":false,"template":"","format":"standard","meta":{"_monsterinsights_skip_tracking":false,"_monsterinsights_sitenote_active":false,"_monsterinsights_sitenote_note":"","_monsterinsights_sitenote_category":0,"footnotes":""},"categories":[6],"tags":[190,100,662,69,21,2210,76],"class_list":["post-8827352","post","type-post","status-publish","format-standard","hentry","category-institucional","tag-andalucia","tag-ceupo","tag-debate","tag-elecciones","tag-estudiantes","tag-partidos-politicos","tag-politica"],"_links":{"self":[{"href":"https:\/\/www.upo.es\/diario\/wp-json\/wp\/v2\/posts\/8827352","targetHints":{"allow":["GET"]}}],"collection":[{"href":"https:\/\/www.upo.es\/diario\/wp-json\/wp\/v2\/posts"}],"about":[{"href":"https:\/\/www.upo.es\/diario\/wp-json\/wp\/v2\/types\/post"}],"author":[{"embeddable":true,"href":"https:\/\/www.upo.es\/diario\/wp-json\/wp\/v2\/users\/6"}],"replies":[{"embeddable":true,"href":"https:\/\/www.upo.es\/diario\/wp-json\/wp\/v2\/comments?post=8827352"}],"version-history":[{"count":10,"href":"https:\/\/www.upo.es\/diario\/wp-json\/wp\/v2\/posts\/8827352\/revisions"}],"predecessor-version":[{"id":8862991,"href":"https:\/\/www.upo.es\/diario\/wp-json\/wp\/v2\/posts\/8827352\/revisions\/8862991"}],"wp:attachment":[{"href":"https:\/\/www.upo.es\/diario\/wp-json\/wp\/v2\/media?parent=8827352"}],"wp:term":[{"taxonomy":"category","embeddable":true,"href":"https:\/\/www.upo.es\/diario\/wp-json\/wp\/v2\/categories?post=8827352"},{"taxonomy":"post_tag","embeddable":true,"href":"https:\/\/www.upo.es\/diario\/wp-json\/wp\/v2\/tags?post=8827352"}],"curies":[{"name":"wp","href":"https:\/\/api.w.org\/{rel}","templated":true}]}}