{"id":883128,"date":"2013-05-14T12:18:52","date_gmt":"2013-05-14T12:18:52","guid":{"rendered":"https:\/\/www.upo.es\/diario\/?p=883128"},"modified":"2013-05-14T12:18:52","modified_gmt":"2013-05-14T12:18:52","slug":"visita-del-rector-de-la-universidad-nacional-autonoma-de-nicaragua-managua-a-la-universidad-pablo-de-olavide","status":"publish","type":"post","link":"https:\/\/www.upo.es\/diario\/institucional\/2013\/05\/visita-del-rector-de-la-universidad-nacional-autonoma-de-nicaragua-managua-a-la-universidad-pablo-de-olavide\/","title":{"rendered":"Visita del rector de la Universidad Nacional Aut\u00f3noma de Nicaragua-Managua a la Universidad Pablo de Olavide"},"content":{"rendered":"<figure id=\"attachment_883132\" aria-describedby=\"caption-attachment-883132\" style=\"width: 320px\" class=\"wp-caption alignright\"><a href=\"https:\/\/www.upo.es\/diario\/wp-content\/uploads\/2013\/05\/visita_rectorunan-managua.jpg\"><img loading=\"lazy\" decoding=\"async\" class=\"size-medium wp-image-883132\" alt=\"Durante el encuentro de la delegaci\u00f3n nicarag\u00fcense de la UNAN-Managua con el rector de la UPO\" src=\"https:\/\/www.upo.es\/diario\/wp-content\/uploads\/2013\/05\/visita_rectorunan-managua-320x193.jpg\" width=\"320\" height=\"193\" srcset=\"https:\/\/www.upo.es\/diario\/wp-content\/uploads\/2013\/05\/visita_rectorunan-managua-320x193.jpg 320w, https:\/\/www.upo.es\/diario\/wp-content\/uploads\/2013\/05\/visita_rectorunan-managua-1024x619.jpg 1024w, https:\/\/www.upo.es\/diario\/wp-content\/uploads\/2013\/05\/visita_rectorunan-managua-600x363.jpg 600w\" sizes=\"auto, (max-width: 320px) 100vw, 320px\" \/><\/a><figcaption id=\"caption-attachment-883132\" class=\"wp-caption-text\">Durante el encuentro de la delegaci\u00f3n nicarag\u00fcense de la UNAN-Managua con el rector de la UPO<\/figcaption><\/figure>\n<figure id=\"attachment_883133\" aria-describedby=\"caption-attachment-883133\" style=\"width: 320px\" class=\"wp-caption alignright\"><a href=\"https:\/\/www.upo.es\/diario\/wp-content\/uploads\/2013\/05\/visita_rectorunan-managua1.jpg\"><img loading=\"lazy\" decoding=\"async\" class=\"size-medium wp-image-883133\" alt=\"El decano de la Facultad Regional de Chontales junto con el rector de la UNAN-Managua entregan un diploma al rector de la UPO\" src=\"https:\/\/www.upo.es\/diario\/wp-content\/uploads\/2013\/05\/visita_rectorunan-managua1-320x252.jpg\" width=\"320\" height=\"252\" srcset=\"https:\/\/www.upo.es\/diario\/wp-content\/uploads\/2013\/05\/visita_rectorunan-managua1-320x252.jpg 320w, https:\/\/www.upo.es\/diario\/wp-content\/uploads\/2013\/05\/visita_rectorunan-managua1-1024x806.jpg 1024w, https:\/\/www.upo.es\/diario\/wp-content\/uploads\/2013\/05\/visita_rectorunan-managua1-600x472.jpg 600w, https:\/\/www.upo.es\/diario\/wp-content\/uploads\/2013\/05\/visita_rectorunan-managua1.jpg 2000w\" sizes=\"auto, (max-width: 320px) 100vw, 320px\" \/><\/a><figcaption id=\"caption-attachment-883133\" class=\"wp-caption-text\">El decano de la Facultad Regional de Chontales junto con el rector de la UNAN-Managua (en el centro) entregan un diploma al rector de la UPO<\/figcaption><\/figure>\n<p>El rector de la Universidad Pablo de Olavide, Vicente Guzm\u00e1n Fluja, ha mantenido esta ma\u00f1ana, en el Rectorado de esta instituci\u00f3n p\u00fablica sevillana, un encuentro institucional con el rector de la Universidad Nacional Aut\u00f3noma de Nicaragua-Managua (UNAN-Managua), Elmer Cisneros Moreira.<\/p>\n<p>Asimismo, tambi\u00e9n han asistido a este encuentro el decano de la Facultad Regional Multidisciplinaria-Chontales (FAREM), Emilio Jos\u00e9 L\u00f3pez Jarqu\u00edn, y el profesor Winston Joseph Zamora D\u00edaz, ambos de la UNAN-Managua; la vicerrectora de Internacionalizaci\u00f3n y Comunicaci\u00f3n de la UPO, Pilar Rodr\u00edguez Reina; as\u00ed como los profesores del departamento de Educaci\u00f3n y Psicolog\u00eda Social de la UPO, Juan Agust\u00edn Mor\u00f3n, David Cobos y Fernando L\u00f3pez.<\/p>\n<p>Durante la reuni\u00f3n, ambos rectores han abordado la situaci\u00f3n actual de las universidades as\u00ed como el acuerdo de colaboraci\u00f3n que mantienen ambas instituciones para el desarrollo conjunto de actividades docentes y de investigaci\u00f3n. Asimismo, el rector de UNAN-Managua y el decano de la Facultad Regional Multidisciplinaria-Chontales han entregado al rector de la UPO un diploma de reconocimiento por su respaldo incondicional y solidario en el fortalecimiento de la relaci\u00f3n interinstitucional entre la Universidad Pablo de Olavide y la Universidad Nacional Aut\u00f3noma de Nicaragua-Managua.<\/p>\n<p>Por otro lado, la delegaci\u00f3n nicarag\u00fcense de la UNAN-Managua mantuvo el lunes una reuni\u00f3n con el vicerrector de Planificaci\u00f3n Docente y Profesorado de la UPO, Jos\u00e9 Antonio S\u00e1nchez\u00a0 Medina y los directores generales de Formaci\u00f3n e Innovaci\u00f3n Docente y de Pol\u00edtica Acad\u00e9mica, Mariano Reyes Tejedor y Manuel Jim\u00e9nez S\u00e1nchez, para abordar diversos temas de pol\u00edtica acad\u00e9mica, especialmente la acreditaci\u00f3n y gesti\u00f3n de calidad universitario. A continuaci\u00f3n, se reuni\u00f3 tambi\u00e9n con el equipo decanal de la Facultad de Ciencias Sociales de la UPO, centro que participa activamente con la UNAN-Managua en acciones de Cooperaci\u00f3n Internacional para el Desarrollo.<\/p>\n<p>&nbsp;<\/p>\n","protected":false},"excerpt":{"rendered":"<p>El rector de la Universidad Pablo de Olavide, Vicente Guzm\u00e1n Fluja, ha mantenido esta ma\u00f1ana, en el Rectorado de esta instituci\u00f3n p\u00fablica sevillana, un encuentro institucional con el rector de la Universidad Nacional Aut\u00f3noma de Nicaragua-Managua (UNAN-Managua), Elmer Cisneros Moreira.<\/p>\n","protected":false},"author":4,"featured_media":0,"comment_status":"closed","ping_status":"open","sticky":false,"template":"","format":"standard","meta":{"_monsterinsights_skip_tracking":false,"_monsterinsights_sitenote_active":false,"_monsterinsights_sitenote_note":"","_monsterinsights_sitenote_category":0,"footnotes":""},"categories":[6],"tags":[579,38,578,297],"class_list":["post-883128","post","type-post","status-publish","format-standard","hentry","category-institucional","tag-nicaragua","tag-rector","tag-unan-managua","tag-visita"],"_links":{"self":[{"href":"https:\/\/www.upo.es\/diario\/wp-json\/wp\/v2\/posts\/883128","targetHints":{"allow":["GET"]}}],"collection":[{"href":"https:\/\/www.upo.es\/diario\/wp-json\/wp\/v2\/posts"}],"about":[{"href":"https:\/\/www.upo.es\/diario\/wp-json\/wp\/v2\/types\/post"}],"author":[{"embeddable":true,"href":"https:\/\/www.upo.es\/diario\/wp-json\/wp\/v2\/users\/4"}],"replies":[{"embeddable":true,"href":"https:\/\/www.upo.es\/diario\/wp-json\/wp\/v2\/comments?post=883128"}],"version-history":[{"count":1,"href":"https:\/\/www.upo.es\/diario\/wp-json\/wp\/v2\/posts\/883128\/revisions"}],"predecessor-version":[{"id":883136,"href":"https:\/\/www.upo.es\/diario\/wp-json\/wp\/v2\/posts\/883128\/revisions\/883136"}],"wp:attachment":[{"href":"https:\/\/www.upo.es\/diario\/wp-json\/wp\/v2\/media?parent=883128"}],"wp:term":[{"taxonomy":"category","embeddable":true,"href":"https:\/\/www.upo.es\/diario\/wp-json\/wp\/v2\/categories?post=883128"},{"taxonomy":"post_tag","embeddable":true,"href":"https:\/\/www.upo.es\/diario\/wp-json\/wp\/v2\/tags?post=883128"}],"curies":[{"name":"wp","href":"https:\/\/api.w.org\/{rel}","templated":true}]}}