{"id":8847330,"date":"2015-03-05T06:56:55","date_gmt":"2015-03-05T06:56:55","guid":{"rendered":"https:\/\/www.upo.es\/diario\/?p=8847330"},"modified":"2015-03-05T07:18:07","modified_gmt":"2015-03-05T07:18:07","slug":"la-upo-ofrece-talleres-de-orientacion-profesional-para-estudiantes-y-titulados-demandantes-de-empleo","status":"publish","type":"post","link":"https:\/\/www.upo.es\/diario\/institucional\/2015\/03\/la-upo-ofrece-talleres-de-orientacion-profesional-para-estudiantes-y-titulados-demandantes-de-empleo\/","title":{"rendered":"La UPO ofrece talleres de orientaci\u00f3n profesional para estudiantes y titulados demandantes de empleo"},"content":{"rendered":"<p><img loading=\"lazy\" decoding=\"async\" class=\"size-full wp-image-2294850 alignright\" alt=\"Logo Andaluc\u00eda Orienta (ilustraci\u00f3n de un faro)\" src=\"https:\/\/www.upo.es\/diario\/wp-content\/uploads\/2013\/12\/andalucia_orienta.png\" width=\"163\" height=\"180\" \/><\/p>\n<p>La Universidad Pablo de Olavide, <strong>a trav\u00e9s de la unidad Andaluc\u00eda Orienta de la Fundaci\u00f3n Universidad-Sociedad<\/strong>, ofrece<strong> talleres grupales sobre empleabilidad y emprendimiento para sus estudiantes y titulados de grado y postgrado demandantes de empleo<\/strong>, con el objetivo de asesorarlos, tanto en la b\u00fasqueda de trabajo como en la creaci\u00f3n de empresas y favorecer su futura inserci\u00f3n laboral.<\/p>\n<p>En concreto, esta oferta, que se imparte peri\u00f3dicamente, tiene programados un total de <strong>once talleres para las pr\u00f3ximas semanas<\/strong> sobre diferentes temas de inter\u00e9s para los demandantes de empleo. En concreto, hoy jueves, 5 de marzo, se abordar\u00e1 el \u201cCurr\u00edculum creativo\u201d y ma\u00f1ana viernes 6 se impartir\u00e1 un taller sobre procesos de selecci\u00f3n. Todos los talleres se impartir\u00e1n en el edificio 45 de la Universidad Pablo de Olavide, con un m\u00e1ximo de 30 plazas.<\/p>\n<p>Durante el mes de marzo, se organizar\u00e1n talleres sobre redes sociales profesionales y videocurriculum y se celebrar\u00e1 un seminario sobre la movilidad internacional donde se explicar\u00e1n las becas y pr\u00e1cticas a las que los estudiantes tienen oportunidad de acceder. Adem\u00e1s, sobre emprendimiento se realizar\u00e1 un taller centrado en el modelo Canvas y se abordar\u00e1n las competencias y las habilidades de comunicaci\u00f3n que deben tener los emprendedores.<\/p>\n<p>Todos los interesados en participar en estos talleres deben ser demandantes de empleo e inscribirse enviando un correo electr\u00f3nico a la direcci\u00f3n <a href=\"mailto:orientacionprofesional@fundacion.upo.es\">orientacionprofesional@fundacion.upo.es<\/a> indicando su nombre, apellidos, estudios, tel\u00e9fono y la actividad a la que quieren asistir, o bien, llamando por tel\u00e9fono al 954349815.<\/p>\n<p>Listado de talleres grupales para el mes de marzo:<\/p>\n<table width=\"662\" border=\"0\" cellspacing=\"0\" cellpadding=\"0\">\n<tbody>\n<tr>\n<th valign=\"top\" width=\"85\">\n<p align=\"center\"><b>FECHA<\/b><\/p>\n<\/th>\n<th valign=\"top\" width=\"416\">\n<p align=\"center\"><b>NOMBRE DEL TALLER<\/b><\/p>\n<\/th>\n<th valign=\"top\" width=\"161\">\n<p align=\"center\"><b>HORARIO<\/b><\/p>\n<\/th>\n<\/tr>\n<tr>\n<td valign=\"top\" width=\"85\">\n<p align=\"center\">05\/03\/2015<\/p>\n<\/td>\n<td valign=\"top\" width=\"416\">Curr\u00edculum creativo<\/td>\n<td valign=\"top\" width=\"161\">\n<p align=\"center\">10.00 H \u2013 13.30 H<\/p>\n<\/td>\n<\/tr>\n<tr>\n<td valign=\"top\" width=\"85\">\n<p align=\"center\">06\/03\/2015<\/p>\n<\/td>\n<td valign=\"top\" width=\"416\">Procesos de selecci\u00f3n<\/td>\n<td valign=\"top\" width=\"161\">\n<p align=\"center\">9.30 H &#8211; 13.30 H<\/p>\n<\/td>\n<\/tr>\n<tr>\n<td valign=\"top\" width=\"85\">\n<p align=\"center\">12\/03\/2015<\/p>\n<\/td>\n<td valign=\"top\" width=\"416\">Pr\u00e1cticas y becas<\/td>\n<td valign=\"top\" width=\"161\">\n<p align=\"center\">9.30H &#8211; 12.30 H<\/p>\n<\/td>\n<\/tr>\n<tr>\n<td valign=\"top\" width=\"85\">\n<p align=\"center\">12\/03\/2015<\/p>\n<\/td>\n<td valign=\"top\" width=\"416\">Elaboraci\u00f3n Plan de empresa y modelo CANVAS (CADE)<\/td>\n<td valign=\"top\" width=\"161\">\n<p align=\"center\">10.00H &#8211; 13.00 H<\/p>\n<\/td>\n<\/tr>\n<tr>\n<td valign=\"top\" width=\"85\">\n<p align=\"center\">13\/03\/2015<\/p>\n<\/td>\n<td valign=\"top\" width=\"416\">Redes sociales profesionales para el empleo<\/td>\n<td valign=\"top\" width=\"161\">\n<p align=\"center\">9.30H &#8211; 13.30 H<\/p>\n<\/td>\n<\/tr>\n<tr>\n<td valign=\"top\" width=\"85\">\n<p align=\"center\">19\/03\/2015<\/p>\n<\/td>\n<td valign=\"top\" width=\"416\">Movilidad internacional: becas y pr\u00e1cticas<\/td>\n<td valign=\"top\" width=\"161\">\n<p align=\"center\">9.30H &#8211; 13.30 H<\/p>\n<\/td>\n<\/tr>\n<tr>\n<td valign=\"top\" width=\"85\">\n<p align=\"center\">19\/03\/2015<\/p>\n<\/td>\n<td valign=\"top\" width=\"416\">Oficina virtual de empleo y b\u00fasqueda activa de empleo<\/td>\n<td valign=\"top\" width=\"161\">\n<p align=\"center\">9.30H &#8211; 12.30 H<\/p>\n<\/td>\n<\/tr>\n<tr>\n<td valign=\"top\" width=\"85\">\n<p align=\"center\">20\/03\/2015<\/p>\n<\/td>\n<td valign=\"top\" width=\"416\">Entrevista por competencias<\/td>\n<td valign=\"top\" width=\"161\">\n<p align=\"center\">9.30H &#8211; 12.30 H<\/p>\n<\/td>\n<\/tr>\n<tr>\n<td valign=\"top\" width=\"85\">\n<p align=\"center\">24\/03\/2015<\/p>\n<\/td>\n<td valign=\"top\" width=\"416\">Videocurriculum<\/td>\n<td valign=\"top\" width=\"161\">\n<p align=\"center\">9.30H &#8211; 13.30 H<\/p>\n<\/td>\n<\/tr>\n<tr>\n<td valign=\"top\" width=\"85\">\n<p align=\"center\">26\/03\/2015<\/p>\n<\/td>\n<td valign=\"top\" width=\"416\">Pr\u00e1cticas y becas<\/td>\n<td valign=\"top\" width=\"161\">\n<p align=\"center\">9.30H &#8211; 12.30 H<\/p>\n<\/td>\n<\/tr>\n<tr>\n<td valign=\"top\" width=\"85\">\n<p align=\"center\">27\/03\/2015<\/p>\n<\/td>\n<td valign=\"top\" width=\"416\">Emprender con competencias, comunicaci\u00f3n y marca personal<\/td>\n<td valign=\"top\" width=\"161\">\n<p align=\"center\">9.30H &#8211; 14.00 H<\/p>\n<\/td>\n<\/tr>\n<\/tbody>\n<\/table>\n","protected":false},"excerpt":{"rendered":"<p>La Universidad Pablo de Olavide, a trav\u00e9s de la unidad Andaluc\u00eda Orienta de la Fundaci\u00f3n Universidad-Sociedad, ofrece talleres grupales sobre empleabilidad y emprendimiento para sus estudiantes y titulados de grado y postgrado demandantes de empleo, con el objetivo de asesorarlos, tanto en la b\u00fasqueda de trabajo como en la creaci\u00f3n de empresas y favorecer su futura inserci\u00f3n laboral.<\/p>\n","protected":false},"author":6,"featured_media":0,"comment_status":"closed","ping_status":"open","sticky":false,"template":"","format":"standard","meta":{"_monsterinsights_skip_tracking":false,"_monsterinsights_sitenote_active":false,"_monsterinsights_sitenote_note":"","_monsterinsights_sitenote_category":0,"footnotes":""},"categories":[6],"tags":[2039,669,438,80,21,1107,567,205,549],"class_list":["post-8847330","post","type-post","status-publish","format-standard","hentry","category-institucional","tag-busqueda-de-empleo","tag-egresados","tag-empleo","tag-emprendedores","tag-estudiantes","tag-fundacion-universidad-sociedad","tag-mercado-laboral","tag-orientacion-profesional","tag-talleres"],"_links":{"self":[{"href":"https:\/\/www.upo.es\/diario\/wp-json\/wp\/v2\/posts\/8847330","targetHints":{"allow":["GET"]}}],"collection":[{"href":"https:\/\/www.upo.es\/diario\/wp-json\/wp\/v2\/posts"}],"about":[{"href":"https:\/\/www.upo.es\/diario\/wp-json\/wp\/v2\/types\/post"}],"author":[{"embeddable":true,"href":"https:\/\/www.upo.es\/diario\/wp-json\/wp\/v2\/users\/6"}],"replies":[{"embeddable":true,"href":"https:\/\/www.upo.es\/diario\/wp-json\/wp\/v2\/comments?post=8847330"}],"version-history":[{"count":4,"href":"https:\/\/www.upo.es\/diario\/wp-json\/wp\/v2\/posts\/8847330\/revisions"}],"predecessor-version":[{"id":8862997,"href":"https:\/\/www.upo.es\/diario\/wp-json\/wp\/v2\/posts\/8847330\/revisions\/8862997"}],"wp:attachment":[{"href":"https:\/\/www.upo.es\/diario\/wp-json\/wp\/v2\/media?parent=8847330"}],"wp:term":[{"taxonomy":"category","embeddable":true,"href":"https:\/\/www.upo.es\/diario\/wp-json\/wp\/v2\/categories?post=8847330"},{"taxonomy":"post_tag","embeddable":true,"href":"https:\/\/www.upo.es\/diario\/wp-json\/wp\/v2\/tags?post=8847330"}],"curies":[{"name":"wp","href":"https:\/\/api.w.org\/{rel}","templated":true}]}}