{"id":8849081,"date":"2015-03-04T00:05:59","date_gmt":"2015-03-04T00:05:59","guid":{"rendered":"https:\/\/www.upo.es\/diario\/?p=8849081"},"modified":"2015-03-05T13:04:16","modified_gmt":"2015-03-05T13:04:16","slug":"la-upo-celebra-manana-la-tercera-edicion-de-la-jornada-de-puertas-abiertas-de-los-estudios-de-postgrado","status":"publish","type":"post","link":"https:\/\/www.upo.es\/diario\/institucional\/2015\/03\/la-upo-celebra-manana-la-tercera-edicion-de-la-jornada-de-puertas-abiertas-de-los-estudios-de-postgrado\/","title":{"rendered":"La UPO celebra ma\u00f1ana la tercera edici\u00f3n de la Jornada de Puertas Abiertas de los Estudios de Postgrado"},"content":{"rendered":"<p>El vicerrector de Postgrado, Formaci\u00f3n Permanente y Empleo de la Universidad Pablo de Olavide, Miguel \u00c1ngel Gual Font, abre ma\u00f1ana jueves,<strong> a las 10 horas en el aula 1.01 del edificio 45<\/strong>, Alexander von Humboldt, la tercera edici\u00f3n de la <b>Jornada de Puertas Abiertas de los Estudios de Postgrado de la Universidad Pablo de Olavide<\/b>, con una presentaci\u00f3n de la oferta formativa para el pr\u00f3ximo curso. Este acto tendr\u00e1 lugar<\/p>\n<p>Adem\u00e1s, durante toda la ma\u00f1ana, a partir de las 11 horas en el edificio 45,<strong> los asistentes tendr\u00e1n la oportunidad de entrevistarse personalmente con los responsables de los programas formativos de postgrado<\/strong>, quienes ser\u00e1n los encargados de resolver las dudas que les sean planteadas, as\u00ed como de orientar a los interesados sobre las posibles salidas profesionales del curso elegido.<\/p>\n","protected":false},"excerpt":{"rendered":"<p>El vicerrector de Postgrado, Formaci\u00f3n Permanente y Empleo de la Universidad Pablo de Olavide, Miguel \u00c1ngel Gual Font, abre ma\u00f1ana jueves, a las 10 horas en el aula 1.01 del edificio 45, Alexander von Humboldt, la tercera edici\u00f3n de la Jornada de Puertas Abiertas de los Estudios de Postgrado de la Universidad Pablo de Olavide, con una presentaci\u00f3n de la<a class=\"read-more\" href=\"https:\/\/www.upo.es\/diario\/institucional\/2015\/03\/la-upo-celebra-manana-la-tercera-edicion-de-la-jornada-de-puertas-abiertas-de-los-estudios-de-postgrado\/\">[Read More&#8230;]<\/a><\/p>\n","protected":false},"author":6,"featured_media":0,"comment_status":"closed","ping_status":"open","sticky":false,"template":"","format":"standard","meta":{"_monsterinsights_skip_tracking":false,"_monsterinsights_sitenote_active":false,"_monsterinsights_sitenote_note":"","_monsterinsights_sitenote_category":0,"footnotes":""},"categories":[6],"tags":[614,973,1275,118,82,1320],"class_list":["post-8849081","post","type-post","status-publish","format-standard","hentry","category-institucional","tag-cedep","tag-doctorado","tag-jornadas-puertas-abiertas","tag-master","tag-postgrado","tag-titulos-propios"],"_links":{"self":[{"href":"https:\/\/www.upo.es\/diario\/wp-json\/wp\/v2\/posts\/8849081","targetHints":{"allow":["GET"]}}],"collection":[{"href":"https:\/\/www.upo.es\/diario\/wp-json\/wp\/v2\/posts"}],"about":[{"href":"https:\/\/www.upo.es\/diario\/wp-json\/wp\/v2\/types\/post"}],"author":[{"embeddable":true,"href":"https:\/\/www.upo.es\/diario\/wp-json\/wp\/v2\/users\/6"}],"replies":[{"embeddable":true,"href":"https:\/\/www.upo.es\/diario\/wp-json\/wp\/v2\/comments?post=8849081"}],"version-history":[{"count":7,"href":"https:\/\/www.upo.es\/diario\/wp-json\/wp\/v2\/posts\/8849081\/revisions"}],"predecessor-version":[{"id":8868255,"href":"https:\/\/www.upo.es\/diario\/wp-json\/wp\/v2\/posts\/8849081\/revisions\/8868255"}],"wp:attachment":[{"href":"https:\/\/www.upo.es\/diario\/wp-json\/wp\/v2\/media?parent=8849081"}],"wp:term":[{"taxonomy":"category","embeddable":true,"href":"https:\/\/www.upo.es\/diario\/wp-json\/wp\/v2\/categories?post=8849081"},{"taxonomy":"post_tag","embeddable":true,"href":"https:\/\/www.upo.es\/diario\/wp-json\/wp\/v2\/tags?post=8849081"}],"curies":[{"name":"wp","href":"https:\/\/api.w.org\/{rel}","templated":true}]}}