{"id":8867372,"date":"2015-03-06T04:57:08","date_gmt":"2015-03-06T04:57:08","guid":{"rendered":"https:\/\/www.upo.es\/diario\/?p=8867372"},"modified":"2015-03-06T08:38:26","modified_gmt":"2015-03-06T08:38:26","slug":"unas-jornadas-analizan-en-la-upo-el-papel-de-la-criminologia-en-el-proceso-de-investigacion-criminal","status":"publish","type":"post","link":"https:\/\/www.upo.es\/diario\/institucional\/2015\/03\/unas-jornadas-analizan-en-la-upo-el-papel-de-la-criminologia-en-el-proceso-de-investigacion-criminal\/","title":{"rendered":"Unas jornadas analizan en la UPO el papel de la Criminolog\u00eda en el proceso de investigaci\u00f3n criminal"},"content":{"rendered":"<figure id=\"attachment_8867373\" aria-describedby=\"caption-attachment-8867373\" style=\"width: 600px\" class=\"wp-caption aligncenter\"><a href=\"https:\/\/www.upo.es\/diario\/wp-content\/uploads\/2015\/03\/jcriminologia.jpg\"><img loading=\"lazy\" decoding=\"async\" class=\"size-large wp-image-8867373\" alt=\"En la imagen, de izquierda  derecha, Alberto Zamora Pel\u00e1ez, presidente de ASEC, el rector de la UPO Vicente Guzm\u00e1n, y  Laura Salas,  vicepresidenta de ASEC. \" src=\"https:\/\/www.upo.es\/diario\/wp-content\/uploads\/2015\/03\/jcriminologia-600x400.jpg\" width=\"600\" height=\"400\" srcset=\"https:\/\/www.upo.es\/diario\/wp-content\/uploads\/2015\/03\/jcriminologia-600x400.jpg 600w, https:\/\/www.upo.es\/diario\/wp-content\/uploads\/2015\/03\/jcriminologia-320x213.jpg 320w\" sizes=\"auto, (max-width: 600px) 100vw, 600px\" \/><\/a><figcaption id=\"caption-attachment-8867373\" class=\"wp-caption-text\">En la imagen, de izquierda derecha, Alberto Zamora Pel\u00e1ez, presidente de ASEC, el rector de la UPO Vicente Guzm\u00e1n, y Laura Salas, vicepresidenta de ASEC.<\/figcaption><\/figure>\n<p>Ayer jueves comenz\u00f3 en la Universidad Pablo de Olavide la celebraci\u00f3n de las <b><a href=\"http:\/\/asecriminologia.blogspot.com.es\/p\/jornadas-de-criminologia-2015.html\">II Jornadas de Criminolog\u00eda<\/a><\/b>, un encuentro organizado por la Asociaci\u00f3n Sevillana de Estudiantes de Criminolog\u00eda (ASEC) que re\u00fane en la UPO a expertos en la materia desde ayer jueves hasta hoy viernes.<\/p>\n<p>Las jornadas, que este a\u00f1o se celebran bajo el lema \u201cLa Criminolog\u00eda en el proceso de investigaci\u00f3n criminal\u201d, fueron inauguradas \u00a0por el rector de la UPO Vicente Guzm\u00e1n, quien destac\u00f3 la labor de la ASEC en la defensa de la Criminolog\u00eda, \u201cuna ciencia desconocida por el com\u00fan de la sociedad\u201d. Asimismo, el rector destac\u00f3 el inter\u00e9s de la Universidad Pablo de Olavide en ofrecer una formaci\u00f3n adecuada a los futuros crimin\u00f3logos y la intenci\u00f3n de definir adecuadamente los planes de estudio.<\/p>\n<p>Respecto al papel de la Criminolog\u00eda en el proceso de investigaci\u00f3n criminal, el rector destac\u00f3 la labor de los crimin\u00f3logos y la importancia de que ganen peso en este proceso, ya que \u201cno solo hay que esclarecer el hecho delictivo sino comprenderlo, y es ah\u00ed donde entra la figura del crimin\u00f3logo\u201d, afirm\u00f3 el rector, quien a\u00f1adi\u00f3 que \u201cel crimin\u00f3logo ayuda a comprender y prevenir las conductas delictivas\u201d. Finalmente, Vicente Guzm\u00e1n anim\u00f3 a los estudiantes a dar valor a sus estudios, puesto que \u201cla Criminolog\u00eda es una profesi\u00f3n de futuro y una ciencia destinada a crecer\u201d.<\/p>\n<p>El rector de la UPO estuvo acompa\u00f1ado por Alberto Zamora Pel\u00e1ez y Laura Salas, presidente y vicepresidenta de ASEC, quienes coincidieron en defender su futura profesi\u00f3n, \u201cdebemos trabajar para que la sociedad sea consciente de que la figura del crimin\u00f3logo no es opcional, sino necesaria, de una importancia vital en una sociedad\u201d, afirman.<\/p>\n<p>Las jornadas re\u00fanen a crimin\u00f3logos, juristas y miembros de las Fuerzas y Cuerpos de Seguridad del Estado que abordar\u00e1n temas como el terrorismo, la violencia de g\u00e9nero, los delitos telem\u00e1ticos, el proceso de la investigaci\u00f3n criminal, la nueva Ley de Seguridad Ciudadana o la documentoscopia, entre otros.<\/p>\n<p>As\u00ed, contar\u00e1 con la participaci\u00f3n de ponentes como Felix R\u00edos, perito judicial y experto en perfilaci\u00f3n crimin\u00f3logica, el profesor Guillermo Repetto Kuhn, responsable del \u00c1rea de Toxicolog\u00eda en la Universidad Pablo de Olavide, y Jorge Ramiro P\u00e9rez Su\u00e1rez, profesor Derecho y Criminolog\u00eda de la Universidad Europea de Madrid. Tambi\u00e9n intervendr\u00e1n miembros de la Sectorial Interuniversitaria de Estudiantes de Criminolog\u00eda, quienes abordar\u00e1n el futuro de estos estudios en la sociedad actual.<\/p>\n<p><b><a href=\"http:\/\/asecriminologia.blogspot.com.es\/p\/jornadas-de-criminologia-2015.html\">PROGRAMA<\/a><\/b><\/p>\n","protected":false},"excerpt":{"rendered":"<p>Hoy concluyen en la Universidad Pablo de Olavide las II Jornadas de Criminolog\u00eda, un encuentro organizado por la Asociaci\u00f3n Sevillana de Estudiantes de Criminolog\u00eda (ASEC) que re\u00fane en la UPO a expertos en la materia desde ayer jueves hasta hoy viernes. <\/p>\n","protected":false},"author":2,"featured_media":0,"comment_status":"closed","ping_status":"open","sticky":false,"template":"","format":"standard","meta":{"_monsterinsights_skip_tracking":false,"_monsterinsights_sitenote_active":false,"_monsterinsights_sitenote_note":"","_monsterinsights_sitenote_category":0,"footnotes":""},"categories":[6],"tags":[2222,532,21,859,84],"class_list":["post-8867372","post","type-post","status-publish","format-standard","hentry","category-institucional","tag-asec","tag-criminologia","tag-estudiantes","tag-estudio","tag-jornadas"],"_links":{"self":[{"href":"https:\/\/www.upo.es\/diario\/wp-json\/wp\/v2\/posts\/8867372","targetHints":{"allow":["GET"]}}],"collection":[{"href":"https:\/\/www.upo.es\/diario\/wp-json\/wp\/v2\/posts"}],"about":[{"href":"https:\/\/www.upo.es\/diario\/wp-json\/wp\/v2\/types\/post"}],"author":[{"embeddable":true,"href":"https:\/\/www.upo.es\/diario\/wp-json\/wp\/v2\/users\/2"}],"replies":[{"embeddable":true,"href":"https:\/\/www.upo.es\/diario\/wp-json\/wp\/v2\/comments?post=8867372"}],"version-history":[{"count":7,"href":"https:\/\/www.upo.es\/diario\/wp-json\/wp\/v2\/posts\/8867372\/revisions"}],"predecessor-version":[{"id":8884833,"href":"https:\/\/www.upo.es\/diario\/wp-json\/wp\/v2\/posts\/8867372\/revisions\/8884833"}],"wp:attachment":[{"href":"https:\/\/www.upo.es\/diario\/wp-json\/wp\/v2\/media?parent=8867372"}],"wp:term":[{"taxonomy":"category","embeddable":true,"href":"https:\/\/www.upo.es\/diario\/wp-json\/wp\/v2\/categories?post=8867372"},{"taxonomy":"post_tag","embeddable":true,"href":"https:\/\/www.upo.es\/diario\/wp-json\/wp\/v2\/tags?post=8867372"}],"curies":[{"name":"wp","href":"https:\/\/api.w.org\/{rel}","templated":true}]}}