{"id":886986,"date":"2013-05-16T00:45:13","date_gmt":"2013-05-16T00:45:13","guid":{"rendered":"https:\/\/www.upo.es\/diario\/?p=886986"},"modified":"2013-05-16T09:56:32","modified_gmt":"2013-05-16T09:56:32","slug":"un-total-de-seis-franquicias-participan-manana-en-la-i-jornada-de-franquicia-de-la-universidad-pablo-de-olavide","status":"publish","type":"post","link":"https:\/\/www.upo.es\/diario\/institucional\/2013\/05\/un-total-de-seis-franquicias-participan-manana-en-la-i-jornada-de-franquicia-de-la-universidad-pablo-de-olavide\/","title":{"rendered":"Un total de seis franquicias participan hoy en la I Jornada de Franquicia de la Universidad Pablo de Olavide"},"content":{"rendered":"<figure id=\"attachment_887157\" aria-describedby=\"caption-attachment-887157\" style=\"width: 320px\" class=\"wp-caption alignright\"><a href=\"https:\/\/www.upo.es\/diario\/wp-content\/uploads\/2013\/05\/prog_jfranquicias-1.jpg\"><img loading=\"lazy\" decoding=\"async\" class=\"size-medium wp-image-887157\" alt=\"I Jornada de Franquicia en la UPO el 16 de mayo\" src=\"https:\/\/www.upo.es\/diario\/wp-content\/uploads\/2013\/05\/prog_jfranquicias-1-320x239.jpg\" width=\"320\" height=\"239\" srcset=\"https:\/\/www.upo.es\/diario\/wp-content\/uploads\/2013\/05\/prog_jfranquicias-1-320x239.jpg 320w, https:\/\/www.upo.es\/diario\/wp-content\/uploads\/2013\/05\/prog_jfranquicias-1-1024x767.jpg 1024w, https:\/\/www.upo.es\/diario\/wp-content\/uploads\/2013\/05\/prog_jfranquicias-1-600x449.jpg 600w\" sizes=\"auto, (max-width: 320px) 100vw, 320px\" \/><\/a><figcaption id=\"caption-attachment-887157\" class=\"wp-caption-text\">I Jornada de Franquicia en la UPO el 16 de mayo<\/figcaption><\/figure>\n<p>Hoy jueves, 16 de mayo, a las 10 horas en el sal\u00f3n de grados del Centro Andaluz de Biolog\u00eda del Desarrollo (CABD),\u00a0 el rector de la Universidad Pablo de Olavide, Vicente Guzm\u00e1n, junto con el decano de la \u00a0Facultad de Ciencias Empresariales, Francisco Carrasco, y la directora del Proyecto Gesti\u00f3n de Riesgo Interorganizativo, Mar\u00eda V\u00e9lez, inaugurar\u00e1n <b>la I Jornada de Franquicia, <\/b>organizada por el Departamento de Econom\u00eda Financiera y Contabilidad de la UPO.<\/p>\n<p>Este encuentro tiene como objetivo dar a conocer las ventajas de iniciar un negocio en r\u00e9gimen de autoempleo en el sector de la franquicia, as\u00ed como detectar las necesidades actuales de la franquicia con el fin de reorientar las futuras actividades investigadoras hacia temas \u00fatiles para la gesti\u00f3n empresarial.<\/p>\n<p>Tras la inauguraci\u00f3n, la directora de Comunicaci\u00f3n y Marketing de la asesor\u00eda de franquicia Barbadillo y Asociados, Teresa Zamora, impartir\u00e1 la conferencia inaugural de la jornada, titulada \u201cLa franquicia como f\u00f3rmula de autoempleo e inversi\u00f3n\u201d. A las 11:45 horas, comenzar\u00e1 una mesa redonda, que bajo la pregunta \u201c\u00bfQu\u00e9 hace diferente a una franquicia?\u201d participar\u00e1n profesionales de seis franquicias de diferentes sectores: el director de Expansi\u00f3n de Acadomia, Antonio S\u00e1nchez; el director de Expansi\u00f3n de Chefbuffet, Francisco Arrebalo; el gerente de Llongueras \u00c9lite, Serge Gros; el director de la Escuela Infantil Pat\u00edn, Adolfo Borrero; el responsable de Expansi\u00f3n de la zona Sur del Grupo Restalia, \u00c1ngel Sandoval, y el director de Franquicias de Serhogarsystem, Jes\u00fas Capit\u00e1n.<\/p>\n<p>La jornada finalizar\u00e1 con la conferencia impartida por la profesora Carolina Ram\u00edrez del departamento de Econom\u00eda Financiera y Contabilidad de la UPO, que expondr\u00e1 \u00a0los resultados de los estudios sobre gesti\u00f3n de franquicias llevados a cabo por el Grupo de Investigaci\u00f3n \u00abGesti\u00f3n de Riesgo Interorganizativo\u00bb.<\/p>\n<p>Esta jornada est\u00e1 dirigida a estudiantes de los \u00faltimos cursos de grados, estudiantes de postgrados, a personas emprendedoras as\u00ed como a empresarios innovadores. El encuentro cuenta con la colaboraci\u00f3n de la Oficina de Transferencia de Resultados de Investigaci\u00f3n (<a href=\"http:\/\/www.upo.es\/otri\/contenido?pag=\/portal\/otri\/eventos\/20130424&amp;vE=\">OTRI<\/a>) del Vicerrectorado de Investigaci\u00f3n y Transferencia de Tecnolog\u00eda de la UPO y la Consejer\u00eda de Econom\u00eda, Innovaci\u00f3n, Ciencia y Empleo de la Junta de Andaluc\u00eda.<\/p>\n<ul>\n<li><span style=\"line-height: 13px;\"><a title=\"Programa en PDF\" href=\"http:\/\/www.upo.es\/export\/portal\/com\/bin\/portal\/otri\/eventos\/20130425\/1366871802537_folletojornadas-4.pdf\" target=\"_blank\">I Jornada de Franquicia &#8211; Programa (pdf)<\/a><br \/>\n<\/span><\/li>\n<\/ul>\n","protected":false},"excerpt":{"rendered":"<p>Hoy jueves, 16 de mayo, a las 10 horas en el sal\u00f3n de grados del Centro Andaluz de Biolog\u00eda del Desarrollo (CABD),  el rector de la Universidad Pablo de Olavide, Vicente Guzm\u00e1n, junto con el decano de la  Facultad de Ciencias Empresariales, Francisco Carrasco, y la directora del Proyecto Gesti\u00f3n de Riesgo Interorganizativo, Mar\u00eda V\u00e9lez, inaugurar\u00e1n la I Jornada de Franquicia, organizada por el Departamento de Econom\u00eda Financiera y Contabilidad de la UPO.<\/p>\n","protected":false},"author":6,"featured_media":0,"comment_status":"closed","ping_status":"open","sticky":false,"template":"","format":"standard","meta":{"_monsterinsights_skip_tracking":false,"_monsterinsights_sitenote_active":false,"_monsterinsights_sitenote_note":"","_monsterinsights_sitenote_category":0,"footnotes":""},"categories":[6],"tags":[63,438,66,21,514,83],"class_list":["post-886986","post","type-post","status-publish","format-standard","hentry","category-institucional","tag-economia","tag-empleo","tag-empresa","tag-estudiantes","tag-jornada","tag-otri"],"_links":{"self":[{"href":"https:\/\/www.upo.es\/diario\/wp-json\/wp\/v2\/posts\/886986","targetHints":{"allow":["GET"]}}],"collection":[{"href":"https:\/\/www.upo.es\/diario\/wp-json\/wp\/v2\/posts"}],"about":[{"href":"https:\/\/www.upo.es\/diario\/wp-json\/wp\/v2\/types\/post"}],"author":[{"embeddable":true,"href":"https:\/\/www.upo.es\/diario\/wp-json\/wp\/v2\/users\/6"}],"replies":[{"embeddable":true,"href":"https:\/\/www.upo.es\/diario\/wp-json\/wp\/v2\/comments?post=886986"}],"version-history":[{"count":5,"href":"https:\/\/www.upo.es\/diario\/wp-json\/wp\/v2\/posts\/886986\/revisions"}],"predecessor-version":[{"id":887158,"href":"https:\/\/www.upo.es\/diario\/wp-json\/wp\/v2\/posts\/886986\/revisions\/887158"}],"wp:attachment":[{"href":"https:\/\/www.upo.es\/diario\/wp-json\/wp\/v2\/media?parent=886986"}],"wp:term":[{"taxonomy":"category","embeddable":true,"href":"https:\/\/www.upo.es\/diario\/wp-json\/wp\/v2\/categories?post=886986"},{"taxonomy":"post_tag","embeddable":true,"href":"https:\/\/www.upo.es\/diario\/wp-json\/wp\/v2\/tags?post=886986"}],"curies":[{"name":"wp","href":"https:\/\/api.w.org\/{rel}","templated":true}]}}