{"id":887160,"date":"2013-05-16T05:48:35","date_gmt":"2013-05-16T05:48:35","guid":{"rendered":"https:\/\/www.upo.es\/diario\/?p=887160"},"modified":"2013-05-16T06:01:33","modified_gmt":"2013-05-16T06:01:33","slug":"manana-ceremonia-de-egresados-de-las-primeras-promociones-de-los-grados-de-la-facultad-de-derecho","status":"publish","type":"post","link":"https:\/\/www.upo.es\/diario\/institucional\/2013\/05\/manana-ceremonia-de-egresados-de-las-primeras-promociones-de-los-grados-de-la-facultad-de-derecho\/","title":{"rendered":"Hoy, ceremonia de egresados de las primeras promociones de los grados de la Facultad de Derecho"},"content":{"rendered":"<p><span style=\"text-decoration: underline;\">Hoy jueves, 16 de mayo, a las 17 horas en el <\/span><span style=\"text-decoration: underline;\">Paraninfo de la Universidad Pablo de Olavide<\/span>, se celebrar\u00e1 la Ceremonia de Egresados de la primera promoci\u00f3n (2009-2013) del grado en \u00a0Derecho. Tras el acto, a las 19 horas, comenzar\u00e1 la Ceremonia de Egresados de las primeras promociones (2009-2013) de los grados en Ciencias Pol\u00edticas y de la Administraci\u00f3n y en Relaciones Laborales y Recursos Humanos. Ambas ceremonias estar\u00e1n presididas por Andr\u00e9s Rodr\u00edguez Benot, decano de la Facultad de Derecho de la UPO.<\/p>\n<p>La madrina de las tres promociones ser\u00e1 Concepci\u00f3n Yoldi Garc\u00eda, presidenta de la Fundaci\u00f3n Pers\u00e1n. A la primera ceremonia, el grado en Derecho, asistir\u00e1n la vicedecana de Ordenaci\u00f3n Acad\u00e9mica e Innovaci\u00f3n Econ\u00f3mica, M\u00f3nica Arribas Le\u00f3n, y el profesor de Derecho Administrativo de la UPO, Javier Al\u00e9s Sioli. La segunda ceremonia, los grados en Ciencias Pol\u00edticas y de la Administraci\u00f3n, y en Relaciones Laborales y Recursos Humanos, contar\u00e1 tambi\u00e9n con la asistencia de la vicedecana de Ordenaci\u00f3n Acad\u00e9mica e Innovaci\u00f3n Econ\u00f3mica, M\u00f3nica Arribas Le\u00f3n, y con el presidente del Colegio de Graduados Sociales de Sevilla, Rafael Hidalgo Romero.<\/p>\n<p>M\u00e1s de 100 egresados -40 del grado en Derecho, 31 egresados en el grado en Ciencias Pol\u00edticas y de la Administraci\u00f3n y 36 en el grado en Relaciones Laborales y Recursos Humanos- han confirmado su asistencia, junto a sus familiares, a estos actos con los que la Universidad Pablo de Olavide recupera una antigua tradici\u00f3n de las universidades europeas.<\/p>\n<p>&nbsp;<\/p>\n<p align=\"center\"><b><span style=\"text-decoration: underline;\">Programa Ceremonia Fin del Grado en Derecho<\/span><\/b><\/p>\n<p align=\"center\">17.00 horas.<\/p>\n<p align=\"center\">Paraninfo de la Universidad Pablo de Olavide<\/p>\n<p align=\"center\">\u00a0&#8211; Apertura del acto.<\/p>\n<p align=\"center\">\u00a0&#8211; Mensaje de la madrina de la promoci\u00f3n: Concepci\u00f3n Yoldi Garc\u00eda, presidenta de la Fundaci\u00f3n Pers\u00e1n<\/p>\n<p align=\"center\">\u00a0&#8211; Imposici\u00f3n de becas a los estudiantes.<\/p>\n<p align=\"center\">\u00a0&#8211; Intervenci\u00f3n de las representantes de los estudiantes: Juan Jos\u00e9 Bovet Ruiz; Julio Carrillo Ru\u00edz, y Marta Urbaneja Berdugo.<\/p>\n<p align=\"center\">\u00a0&#8211; Palabras y clausura del decano de la Facultad de Derecho de la UPO,<\/p>\n<p align=\"center\">Andr\u00e9s Rodr\u00edguez Benot.<\/p>\n<p align=\"center\">\u00a0&#8211; Himno Universitario<\/p>\n<p>&nbsp;<\/p>\n<p align=\"center\">\u00a0\u00a0\u00a0\u00a0\u00a0\u00a0\u00a0\u00a0\u00a0\u00a0\u00a0\u00a0\u00a0\u00a0\u00a0 <b><span style=\"text-decoration: underline;\">Programa Ceremonia Fin del Grado en Ciencias Pol\u00edticas y\u00a0 de la Administraci\u00f3n y <\/span><\/b><\/p>\n<p align=\"center\"><b><span style=\"text-decoration: underline;\">del Grado en Relaciones Laborales y Recursos Humanos<\/span><\/b><\/p>\n<p align=\"center\">\u00a019.00 horas.<\/p>\n<p align=\"center\">Paraninfo de la Universidad Pablo de Olavide<\/p>\n<p align=\"center\">\u00a0&#8211; Apertura del acto.<\/p>\n<p align=\"center\">\u00a0&#8211; Mensaje de la madrina de la promoci\u00f3n: Concepci\u00f3n Yoldi Garc\u00eda, presidenta de la Fundaci\u00f3n Pers\u00e1n<\/p>\n<p align=\"center\">\u00a0&#8211; Imposici\u00f3n de becas a los estudiantes.<\/p>\n<p align=\"center\">&#8211; Intervenci\u00f3n de las representantes de los estudiantes: Javier Manuel Esquivias Ram\u00edrez, del grado en Ciencias Pol\u00edticas y de la Administraci\u00f3n; y Rafael Lindes Sierra y Raquel Doblado Morato, del grado en Relaciones Laborales y Recursos Humanos.<\/p>\n<p align=\"center\">\u00a0&#8211; Palabras y clausura del decano de la Facultad de Derecho de la UPO,<\/p>\n<p align=\"center\">Andr\u00e9s Rodr\u00edguez Benot.<\/p>\n<p align=\"center\">\u00a0&#8211; Himno Universitario<\/p>\n","protected":false},"excerpt":{"rendered":"<p>Hoy jueves, 16 de mayo, a las 17 horas en el Paraninfo de la Universidad Pablo de Olavide, se celebrar\u00e1 la Ceremonia de Egresados de la primera promoci\u00f3n (2009-2013) del grado en  Derecho. Tras el acto, a las 19 horas, comenzar\u00e1 la Ceremonia de Egresados de las primeras promociones (2009-2013) de los grados en Ciencias Pol\u00edticas y de la Administraci\u00f3n y en Relaciones Laborales y Recursos Humanos. Ambas ceremonias estar\u00e1n presididas por Andr\u00e9s Rodr\u00edguez Benot, decano de la Facultad de Derecho de la UPO.<\/p>\n","protected":false},"author":4,"featured_media":0,"comment_status":"closed","ping_status":"open","sticky":false,"template":"","format":"standard","meta":{"_monsterinsights_skip_tracking":false,"_monsterinsights_sitenote_active":false,"_monsterinsights_sitenote_note":"","_monsterinsights_sitenote_category":0,"footnotes":""},"categories":[6],"tags":[581,67,87,81,266,582],"class_list":["post-887160","post","type-post","status-publish","format-standard","hentry","category-institucional","tag-ceremonia-de-egresados","tag-ciencias-politicas-y-de-la-administracion","tag-derecho","tag-facultad-de-derecho","tag-grados","tag-relac"],"_links":{"self":[{"href":"https:\/\/www.upo.es\/diario\/wp-json\/wp\/v2\/posts\/887160","targetHints":{"allow":["GET"]}}],"collection":[{"href":"https:\/\/www.upo.es\/diario\/wp-json\/wp\/v2\/posts"}],"about":[{"href":"https:\/\/www.upo.es\/diario\/wp-json\/wp\/v2\/types\/post"}],"author":[{"embeddable":true,"href":"https:\/\/www.upo.es\/diario\/wp-json\/wp\/v2\/users\/4"}],"replies":[{"embeddable":true,"href":"https:\/\/www.upo.es\/diario\/wp-json\/wp\/v2\/comments?post=887160"}],"version-history":[{"count":3,"href":"https:\/\/www.upo.es\/diario\/wp-json\/wp\/v2\/posts\/887160\/revisions"}],"predecessor-version":[{"id":887164,"href":"https:\/\/www.upo.es\/diario\/wp-json\/wp\/v2\/posts\/887160\/revisions\/887164"}],"wp:attachment":[{"href":"https:\/\/www.upo.es\/diario\/wp-json\/wp\/v2\/media?parent=887160"}],"wp:term":[{"taxonomy":"category","embeddable":true,"href":"https:\/\/www.upo.es\/diario\/wp-json\/wp\/v2\/categories?post=887160"},{"taxonomy":"post_tag","embeddable":true,"href":"https:\/\/www.upo.es\/diario\/wp-json\/wp\/v2\/tags?post=887160"}],"curies":[{"name":"wp","href":"https:\/\/api.w.org\/{rel}","templated":true}]}}