{"id":887161,"date":"2013-05-17T07:40:11","date_gmt":"2013-05-17T07:40:11","guid":{"rendered":"https:\/\/www.upo.es\/diario\/?p=887161"},"modified":"2013-05-17T09:08:07","modified_gmt":"2013-05-17T09:08:07","slug":"el-rector-de-la-upo-participa-manana-en-la-presentacion-del-informe-transforma-talento-en-la-fundacion-antares","status":"publish","type":"post","link":"https:\/\/www.upo.es\/diario\/institucional\/2013\/05\/el-rector-de-la-upo-participa-manana-en-la-presentacion-del-informe-transforma-talento-en-la-fundacion-antares\/","title":{"rendered":"El rector de la UPO participa en la presentaci\u00f3n de la iniciativa Transforma Talento en la fundaci\u00f3n Antares"},"content":{"rendered":"<figure id=\"attachment_894329\" aria-describedby=\"caption-attachment-894329\" style=\"width: 320px\" class=\"wp-caption alignright\"><a href=\"https:\/\/www.upo.es\/diario\/wp-content\/uploads\/2013\/05\/UPOANTARES1605201304.jpg\"><img loading=\"lazy\" decoding=\"async\" class=\"size-medium wp-image-894329\" alt=\"La imagen recoge un momento de la presentaci\u00f3n del informe Transforma Talento\" src=\"https:\/\/www.upo.es\/diario\/wp-content\/uploads\/2013\/05\/UPOANTARES1605201304-320x213.jpg\" width=\"320\" height=\"213\" srcset=\"https:\/\/www.upo.es\/diario\/wp-content\/uploads\/2013\/05\/UPOANTARES1605201304-320x213.jpg 320w, https:\/\/www.upo.es\/diario\/wp-content\/uploads\/2013\/05\/UPOANTARES1605201304-1024x683.jpg 1024w, https:\/\/www.upo.es\/diario\/wp-content\/uploads\/2013\/05\/UPOANTARES1605201304-600x400.jpg 600w, https:\/\/www.upo.es\/diario\/wp-content\/uploads\/2013\/05\/UPOANTARES1605201304.jpg 1701w\" sizes=\"auto, (max-width: 320px) 100vw, 320px\" \/><\/a><figcaption id=\"caption-attachment-894329\" class=\"wp-caption-text\">La imagen recoge un momento de la presentaci\u00f3n del informe Transforma Talento<\/figcaption><\/figure>\n<p>Este jueves en Sevilla se ha presentado en la Fundaci\u00f3n Antares la iniciativa Transforma Talento, que propone un pacto por el talento que asegure una estrategia de Estado en educaci\u00f3n, ciencia, emprendimiento y empresa para salir de la crisis y afrontar el futuro con garant\u00edas.<\/p>\n<p>La presentaci\u00f3n del Informe Transforma Talento, que cuenta con el respaldo de m\u00e1s de 200 expertos nacionales e internacionales, entre profesores, soci\u00f3logos, cient\u00edficos, emprendedores, rectores y agentes sociales, ha estado a cargo del presidente de la Fundaci\u00f3n Everis, Eduardo Serra, y despu\u00e9s de la misma se ha celebrado una mesa redonda en la que han participado el rector de la Universidad Pablo de Olavide, Vicente Guzm\u00e1n; el secretario general de Innovaci\u00f3n, Industria y Energ\u00eda de la Consejer\u00eda de Econom\u00eda, Innovaci\u00f3n, Ciencia y Empleo de la Junta, Vicente Fern\u00e1ndez; la presidenta del Consejo Social de la Universidad de Sevilla, Isabel Aguilera; el responsable del proyecto educ@conTIC, An\u00edbal de la Torre, y el director general de la Fundaci\u00f3n Antares, Fernando Seco.<\/p>\n<p>Transforma Talento es el primero de una serie de informes que emanan de la iniciativa del mismo nombre, que est\u00e1 promovida por la Fundaci\u00f3n Everis, la Asociaci\u00f3n para el Progreso de la Direcci\u00f3n (APD), Educared de la Fundaci\u00f3n Telef\u00f3nica, Global Education Forum y Universia.<\/p>\n<p>Propone un Pacto por el Talento, impulsado desde la sociedad civil, que promueva un debate riguroso sobre los retos y oportunidades del talento en Espa\u00f1a, para impulsar un cambio desde el sistema educativo y formativo, la empresa, el emprendimiento, la ciencia, la sociedad y la pol\u00edtica, con el fin de avanzar con paso firme hacia una Espa\u00f1a en el que el universo del talento sea nuestro principal motor de desarrollo.<\/p>\n<p>&nbsp;<\/p>\n<p>En el informe Transforma Talento se realiza un diagn\u00f3stico de la importancia del talento hoy en Espa\u00f1a y de c\u00f3mo se est\u00e1 desarrollando, los objetivos que deben marcarse para el futuro y el plan para lograrlos.<\/p>\n<p>&nbsp;<\/p>\n","protected":false},"excerpt":{"rendered":"<p>Ayer jueves tuvo lugar en la Fundaci\u00f3n Antares la presentaci\u00f3n del informe Transforma Talento, a cargo de Eduardo Serra, presidente de la Fundaci\u00f3n Everis, y que cont\u00f3 con opiniones expertas en el transcurso de una mesa redonda en la que participaron como ponente el rector de la Universidad Pablo de Olavide, Vicente Guzm\u00e1n.<\/p>\n","protected":false},"author":6,"featured_media":0,"comment_status":"closed","ping_status":"open","sticky":false,"template":"","format":"standard","meta":{"_monsterinsights_skip_tracking":false,"_monsterinsights_sitenote_active":false,"_monsterinsights_sitenote_note":"","_monsterinsights_sitenote_category":0,"footnotes":""},"categories":[6],"tags":[80,66,47,38,106],"class_list":["post-887161","post","type-post","status-publish","format-standard","hentry","category-institucional","tag-emprendedores","tag-empresa","tag-fundaciones","tag-rector","tag-vicente-c-guzman"],"_links":{"self":[{"href":"https:\/\/www.upo.es\/diario\/wp-json\/wp\/v2\/posts\/887161","targetHints":{"allow":["GET"]}}],"collection":[{"href":"https:\/\/www.upo.es\/diario\/wp-json\/wp\/v2\/posts"}],"about":[{"href":"https:\/\/www.upo.es\/diario\/wp-json\/wp\/v2\/types\/post"}],"author":[{"embeddable":true,"href":"https:\/\/www.upo.es\/diario\/wp-json\/wp\/v2\/users\/6"}],"replies":[{"embeddable":true,"href":"https:\/\/www.upo.es\/diario\/wp-json\/wp\/v2\/comments?post=887161"}],"version-history":[{"count":12,"href":"https:\/\/www.upo.es\/diario\/wp-json\/wp\/v2\/posts\/887161\/revisions"}],"predecessor-version":[{"id":887522,"href":"https:\/\/www.upo.es\/diario\/wp-json\/wp\/v2\/posts\/887161\/revisions\/887522"}],"wp:attachment":[{"href":"https:\/\/www.upo.es\/diario\/wp-json\/wp\/v2\/media?parent=887161"}],"wp:term":[{"taxonomy":"category","embeddable":true,"href":"https:\/\/www.upo.es\/diario\/wp-json\/wp\/v2\/categories?post=887161"},{"taxonomy":"post_tag","embeddable":true,"href":"https:\/\/www.upo.es\/diario\/wp-json\/wp\/v2\/tags?post=887161"}],"curies":[{"name":"wp","href":"https:\/\/api.w.org\/{rel}","templated":true}]}}