{"id":887165,"date":"2013-05-15T12:36:26","date_gmt":"2013-05-15T12:36:26","guid":{"rendered":"https:\/\/www.upo.es\/diario\/?p=887165"},"modified":"2013-05-15T12:43:00","modified_gmt":"2013-05-15T12:43:00","slug":"abierto-el-plazo-de-inscripcion-para-la-ix-escuela-deportiva-de-verano-y-la-i-pequescuela-de-la-upo","status":"publish","type":"post","link":"https:\/\/www.upo.es\/diario\/institucional\/2013\/05\/abierto-el-plazo-de-inscripcion-para-la-ix-escuela-deportiva-de-verano-y-la-i-pequescuela-de-la-upo\/","title":{"rendered":"Abierto el plazo de inscripci\u00f3n para la IX Escuela Deportiva de Verano y la I Pequescuela de la UPO"},"content":{"rendered":"<figure id=\"attachment_887166\" aria-describedby=\"caption-attachment-887166\" style=\"width: 320px\" class=\"wp-caption alignright\"><a href=\"https:\/\/www.upo.es\/diario\/wp-content\/uploads\/2013\/05\/EscuelaVerano2012.jpg\"><img loading=\"lazy\" decoding=\"async\" class=\"size-medium wp-image-887166\" alt=\"Ni\u00f1os en la Escuela de Verano de 2012\" src=\"https:\/\/www.upo.es\/diario\/wp-content\/uploads\/2013\/05\/EscuelaVerano2012-320x219.jpg\" width=\"320\" height=\"219\" srcset=\"https:\/\/www.upo.es\/diario\/wp-content\/uploads\/2013\/05\/EscuelaVerano2012-320x219.jpg 320w, https:\/\/www.upo.es\/diario\/wp-content\/uploads\/2013\/05\/EscuelaVerano2012-1024x703.jpg 1024w, https:\/\/www.upo.es\/diario\/wp-content\/uploads\/2013\/05\/EscuelaVerano2012-600x412.jpg 600w\" sizes=\"auto, (max-width: 320px) 100vw, 320px\" \/><\/a><figcaption id=\"caption-attachment-887166\" class=\"wp-caption-text\">Adem\u00e1s de la IX Escuela Deportiva de Verano este a\u00f1o se pondr\u00e1 en marcha la Pequescuela<\/figcaption><\/figure>\n<p>La Universidad Pablo de Olavide, a trav\u00e9s del Vicerrectorado de Estudiantes, Deporte y Medio Ambiente, pondr\u00e1 en marcha un a\u00f1o m\u00e1s la <b>Escuela Deportiva de Verano<\/b>, que ofrecer\u00e1 actividades deportivas y l\u00fadicas para ni\u00f1os de entre 6 y 12 a\u00f1os dentro en las instalaciones de la Universidad. Esta novena edici\u00f3n, organizada por el Servicio de Deportes y que abre hoy su plazo de inscripci\u00f3n para todo el personal de la UPO, se desarrollar\u00e1 del 24 de junio al 26 de julio. Dicho plazo de inscripci\u00f3n finalizar\u00e1 el 14 de junio, d\u00eda en el que se ofertar\u00e1n las plazas vacantes al personal ajeno a la comunidad universitaria de la Olavide.<\/p>\n<p>Adem\u00e1s este a\u00f1o y como novedad, la UPO pone en marcha la <b>Pequescuela Deportiva de Verano<\/b>, destinada a ni\u00f1os con edades comprendidas entre los 3 y 5 a\u00f1os. \u00a0El plazo de inscripci\u00f3n es el mismo que el de la Escuela Deportiva.<\/p>\n<p>Este a\u00f1o, tanto la Escuela como la Pequescuela Deportiva de Verano se presentan bajo la tem\u00e1tica \u201cEl circo\u201d. El objetivo principal de este programa es fomentar entre los m\u00e1s peque\u00f1os los estilos de vida saludables a trav\u00e9s del deporte al mismo tiempo que se contribuye a la conciliaci\u00f3n de la vida laboral y familiar de sus padres.<\/p>\n<p>Entre las actividades previstas en la novena edici\u00f3n de la Escuela de Verano est\u00e1n la pr\u00e1ctica de actividades gimn\u00e1sticas y acrob\u00e1ticas, artes marciales, deportes en equipo as\u00ed como la participaci\u00f3n en talleres y distintos tipos de juegos. Por su parte, la Pequescuela ofrece a los m\u00e1s peque\u00f1os talleres de reciclaje y de magia, deportes alternativos, actividades circenses y proyecci\u00f3n de cine, entre otras actividades.<\/p>\n<p>El horario ser\u00e1 de 09:00 a 14:00 horas, pero se podr\u00e1 dejar a los ni\u00f1os desde las 08:00 hasta las 15:00 horas.<\/p>\n<p>M\u00e1s informaci\u00f3n e inscripciones en el <a href=\"http:\/\/www.upo.es\/sdupo\/escuela-verano\/index.jsp\">Servicio de Deportes de la UPO<\/a><\/p>\n","protected":false},"excerpt":{"rendered":"<p>\tLa Universidad Pablo de Olavide pondr\u00e1 en marcha un a\u00f1o m\u00e1s la Escuela Deportiva de Verano, que ofrecer\u00e1 actividades deportivas y l\u00fadicas para ni\u00f1os de entre 6 y 12 a\u00f1os en las instalaciones de la Universidad. Esta novena edici\u00f3n, que abre hoy su plazo de inscripci\u00f3n para todo el personal de la UPO, se desarrollar\u00e1 del 24 de junio al 26 de julio. Adem\u00e1s este a\u00f1o y como novedad, la UPO pone en marcha la Pequescuela Deportiva de Verano, destinada a ni\u00f1os con edades comprendidas entre los 3 y 5 a\u00f1os. <\/p>\n","protected":false},"author":6,"featured_media":0,"comment_status":"closed","ping_status":"open","sticky":false,"template":"","format":"standard","meta":{"_monsterinsights_skip_tracking":false,"_monsterinsights_sitenote_active":false,"_monsterinsights_sitenote_note":"","_monsterinsights_sitenote_category":0,"footnotes":""},"categories":[6],"tags":[231,583,232,492,584],"class_list":["post-887165","post","type-post","status-publish","format-standard","hentry","category-institucional","tag-deportes-2","tag-ninos","tag-sdupo","tag-servicio-de-deportes","tag-verano"],"_links":{"self":[{"href":"https:\/\/www.upo.es\/diario\/wp-json\/wp\/v2\/posts\/887165","targetHints":{"allow":["GET"]}}],"collection":[{"href":"https:\/\/www.upo.es\/diario\/wp-json\/wp\/v2\/posts"}],"about":[{"href":"https:\/\/www.upo.es\/diario\/wp-json\/wp\/v2\/types\/post"}],"author":[{"embeddable":true,"href":"https:\/\/www.upo.es\/diario\/wp-json\/wp\/v2\/users\/6"}],"replies":[{"embeddable":true,"href":"https:\/\/www.upo.es\/diario\/wp-json\/wp\/v2\/comments?post=887165"}],"version-history":[{"count":4,"href":"https:\/\/www.upo.es\/diario\/wp-json\/wp\/v2\/posts\/887165\/revisions"}],"predecessor-version":[{"id":887168,"href":"https:\/\/www.upo.es\/diario\/wp-json\/wp\/v2\/posts\/887165\/revisions\/887168"}],"wp:attachment":[{"href":"https:\/\/www.upo.es\/diario\/wp-json\/wp\/v2\/media?parent=887165"}],"wp:term":[{"taxonomy":"category","embeddable":true,"href":"https:\/\/www.upo.es\/diario\/wp-json\/wp\/v2\/categories?post=887165"},{"taxonomy":"post_tag","embeddable":true,"href":"https:\/\/www.upo.es\/diario\/wp-json\/wp\/v2\/tags?post=887165"}],"curies":[{"name":"wp","href":"https:\/\/api.w.org\/{rel}","templated":true}]}}