{"id":887523,"date":"2013-05-16T05:49:24","date_gmt":"2013-05-16T05:49:24","guid":{"rendered":"https:\/\/www.upo.es\/diario\/?p=887523"},"modified":"2013-05-16T05:58:58","modified_gmt":"2013-05-16T05:58:58","slug":"desde-que-comenzo-la-crisis-han-aumentado-las-diferencias-en-desigualdad-entre-comunidades-segun-el-estudio-desarrollo-humano-y-pobreza-en-espana","status":"publish","type":"post","link":"https:\/\/www.upo.es\/diario\/institucional\/2013\/05\/desde-que-comenzo-la-crisis-han-aumentado-las-diferencias-en-desigualdad-entre-comunidades-segun-el-estudio-desarrollo-humano-y-pobreza-en-espana\/","title":{"rendered":"Desde que comenz\u00f3 la crisis han aumentado las diferencias en desigualdad entre comunidades, seg\u00fan el estudio \u201cDesarrollo humano y pobreza en Espa\u00f1a\u201d"},"content":{"rendered":"<p>En los primeros a\u00f1os de crisis han aumentado las diferencias entre comunidades aut\u00f3nomas en el nivel de pobreza y desigualdad. Al mismo tiempo, ha disminuido el desarrollo humano y, mientras el bienestar material se ha visto duramente afectado con una ca\u00edda del 13,7% para el conjunto de Espa\u00f1a, el impacto de la crisis sobre los \u00edndices de educaci\u00f3n y salud se ha atenuado y, en el periodo analizado, no se han visto influidos. Son datos de los informes <i>Desarrollo humano y pobreza en Espa\u00f1a y sus comunidades aut\u00f3nomas<\/i>, elaborados por la Fundaci\u00f3n Bancaja y el Ivie. El equipo investigador ha estado formado por los investigadores del Ivie Carmen Herrero y Antonio Villar, catedr\u00e1ticos de la Universidad de Alicante y la Universidad Pablo de Olavide, respectivamente, y el t\u00e9cnico de investigaci\u00f3n del Ivie \u00c1ngel Soler.<\/p>\n<p>Como recoge el <b>cuadro 1<\/b>, desde 2008, la pobreza en Espa\u00f1a ha aumentado un 8%, con crecimientos m\u00e1ximos en Canarias (21%), Comunitat Valenciana (18%), Andaluc\u00eda (16%) y Arag\u00f3n (13%). Adem\u00e1s, solo tres comunidades mejoran en 2011 con respecto a 2008: Navarra, Pa\u00eds Vasco y La Rioja. Los autores destacan que, aunque si comparamos los datos de 2011 con los de 2008 (el pico del ciclo) se observa un incremento sustancial de la pobreza, si contraponemos los niveles de 2011 con los de 2006, la situaci\u00f3n para el conjunto del pa\u00eds ha empeorado pero en menor medida.<\/p>\n<p><b>\u00a0<\/b><\/p>\n<p><b>Cuadro 1: Variaciones del \u00cdndice de\u00a0 Pobreza Humana* en Espa\u00f1a, 2006-2011.<\/b><\/p>\n<p>Porcentaje<\/p>\n<p>&nbsp;<\/p>\n<p align=\"center\"><b>\u00a0 \u00a0 \u00a0 \u00a0 \u00a0 \u00a0 \u00a0 \u00a0 \u00a0 \u00a0 \u00a0 \u00a0 \u00a0 \u00a0 \u00a0 \u00a0 \u00a0 \u00a0 \u00a02006-2011\u00a0\u00a0\u00a0\u00a0\u00a0\u00a0 2008-2011<\/b><\/p>\n<p align=\"center\">Andaluc\u00eda\u00a0\u00a0\u00a0\u00a0\u00a0\u00a0\u00a0\u00a0\u00a0\u00a0\u00a0\u00a0\u00a0\u00a0\u00a0\u00a0\u00a0\u00a0\u00a0\u00a0\u00a0\u00a0\u00a0\u00a0 5\u00a0\u00a0\u00a0\u00a0\u00a0\u00a0\u00a0\u00a0\u00a0\u00a0\u00a0\u00a0\u00a0\u00a0\u00a0\u00a0\u00a0\u00a0\u00a0\u00a0\u00a0 16<\/p>\n<p align=\"center\">Arag\u00f3n\u00a0\u00a0\u00a0\u00a0\u00a0\u00a0\u00a0\u00a0\u00a0\u00a0\u00a0\u00a0\u00a0\u00a0\u00a0\u00a0\u00a0\u00a0\u00a0\u00a0\u00a0\u00a0\u00a0\u00a0\u00a0\u00a0\u00a0 -5\u00a0\u00a0\u00a0\u00a0\u00a0\u00a0\u00a0\u00a0\u00a0\u00a0\u00a0\u00a0\u00a0\u00a0\u00a0\u00a0\u00a0\u00a0\u00a0\u00a0 13<\/p>\n<p align=\"center\">P. de Asturias\u00a0\u00a0\u00a0\u00a0\u00a0\u00a0\u00a0\u00a0\u00a0\u00a0\u00a0\u00a0\u00a0\u00a0\u00a0\u00a0\u00a0\u00a0 -5\u00a0\u00a0\u00a0\u00a0\u00a0\u00a0\u00a0\u00a0\u00a0\u00a0\u00a0\u00a0\u00a0\u00a0\u00a0\u00a0\u00a0\u00a0\u00a0\u00a0\u00a0 4<\/p>\n<p align=\"center\">I. Balears\u00a0\u00a0\u00a0\u00a0\u00a0\u00a0\u00a0\u00a0\u00a0\u00a0\u00a0\u00a0\u00a0\u00a0\u00a0\u00a0\u00a0\u00a0\u00a0\u00a0\u00a0\u00a0\u00a0\u00a0 9\u00a0\u00a0\u00a0\u00a0\u00a0\u00a0\u00a0\u00a0\u00a0\u00a0\u00a0\u00a0\u00a0\u00a0\u00a0\u00a0\u00a0\u00a0\u00a0\u00a0\u00a0\u00a0 4<\/p>\n<p align=\"center\">Canarias\u00a0\u00a0\u00a0\u00a0\u00a0\u00a0\u00a0\u00a0\u00a0\u00a0\u00a0\u00a0\u00a0\u00a0\u00a0\u00a0\u00a0\u00a0\u00a0\u00a0\u00a0\u00a0\u00a0\u00a0\u00a0 18\u00a0\u00a0\u00a0\u00a0\u00a0\u00a0\u00a0\u00a0\u00a0\u00a0\u00a0\u00a0\u00a0\u00a0\u00a0\u00a0\u00a0\u00a0\u00a0\u00a0 21<\/p>\n<p align=\"center\">Cantabria\u00a0\u00a0\u00a0\u00a0\u00a0\u00a0\u00a0\u00a0\u00a0\u00a0\u00a0\u00a0\u00a0\u00a0\u00a0\u00a0\u00a0\u00a0\u00a0\u00a0\u00a0\u00a0\u00a0 -19\u00a0\u00a0\u00a0\u00a0\u00a0\u00a0\u00a0\u00a0\u00a0\u00a0\u00a0\u00a0\u00a0\u00a0\u00a0\u00a0\u00a0\u00a0\u00a0\u00a0 1<\/p>\n<p align=\"center\">Castilla y Le\u00f3n\u00a0\u00a0\u00a0\u00a0\u00a0\u00a0\u00a0\u00a0\u00a0\u00a0\u00a0\u00a0\u00a0\u00a0\u00a0\u00a0 -13\u00a0\u00a0\u00a0\u00a0\u00a0\u00a0\u00a0\u00a0\u00a0\u00a0\u00a0\u00a0\u00a0\u00a0\u00a0\u00a0\u00a0\u00a0\u00a0\u00a0 1<\/p>\n<p align=\"center\">Castilla-La Mancha\u00a0\u00a0\u00a0\u00a0\u00a0\u00a0\u00a0\u00a0\u00a0\u00a0\u00a0 -2\u00a0\u00a0\u00a0\u00a0\u00a0\u00a0\u00a0\u00a0\u00a0\u00a0\u00a0\u00a0\u00a0\u00a0\u00a0\u00a0\u00a0\u00a0\u00a0\u00a0\u00a0 6<\/p>\n<p align=\"center\">Catalu\u00f1a\u00a0\u00a0\u00a0\u00a0\u00a0\u00a0\u00a0\u00a0\u00a0\u00a0\u00a0\u00a0\u00a0\u00a0\u00a0\u00a0\u00a0\u00a0\u00a0\u00a0\u00a0\u00a0\u00a0\u00a0\u00a0 1\u00a0\u00a0\u00a0\u00a0\u00a0\u00a0\u00a0\u00a0\u00a0\u00a0\u00a0\u00a0\u00a0\u00a0\u00a0\u00a0\u00a0\u00a0\u00a0\u00a0\u00a0\u00a0 7<\/p>\n<p align=\"center\">C. Valenciana\u00a0\u00a0\u00a0\u00a0\u00a0\u00a0\u00a0\u00a0\u00a0\u00a0\u00a0\u00a0\u00a0\u00a0\u00a0\u00a0\u00a0\u00a0 11\u00a0\u00a0\u00a0\u00a0\u00a0\u00a0\u00a0\u00a0\u00a0\u00a0\u00a0\u00a0\u00a0\u00a0\u00a0\u00a0\u00a0\u00a0\u00a0\u00a0 18<\/p>\n<p align=\"center\">Extremadura\u00a0\u00a0\u00a0\u00a0\u00a0\u00a0\u00a0\u00a0\u00a0\u00a0\u00a0\u00a0\u00a0\u00a0\u00a0\u00a0\u00a0\u00a0\u00a0 -7\u00a0\u00a0\u00a0\u00a0\u00a0\u00a0\u00a0\u00a0\u00a0\u00a0\u00a0\u00a0\u00a0\u00a0\u00a0\u00a0\u00a0\u00a0\u00a0\u00a0\u00a0 6<\/p>\n<p align=\"center\">Galicia\u00a0\u00a0\u00a0\u00a0\u00a0\u00a0\u00a0\u00a0\u00a0\u00a0\u00a0\u00a0\u00a0\u00a0\u00a0\u00a0\u00a0\u00a0\u00a0\u00a0\u00a0\u00a0\u00a0\u00a0\u00a0\u00a0\u00a0\u00a0 -9\u00a0\u00a0\u00a0\u00a0\u00a0\u00a0\u00a0\u00a0\u00a0\u00a0\u00a0\u00a0\u00a0\u00a0\u00a0\u00a0\u00a0\u00a0\u00a0\u00a0\u00a0 0<\/p>\n<p align=\"center\">C. de Madrid\u00a0\u00a0\u00a0\u00a0\u00a0\u00a0\u00a0\u00a0\u00a0\u00a0\u00a0\u00a0\u00a0\u00a0\u00a0\u00a0\u00a0\u00a0\u00a0 -8\u00a0\u00a0\u00a0\u00a0\u00a0\u00a0\u00a0\u00a0\u00a0\u00a0\u00a0\u00a0\u00a0\u00a0\u00a0\u00a0\u00a0\u00a0\u00a0\u00a0\u00a0 4<\/p>\n<p align=\"center\">R. de Murcia\u00a0\u00a0\u00a0\u00a0\u00a0\u00a0\u00a0\u00a0\u00a0\u00a0\u00a0\u00a0\u00a0\u00a0\u00a0\u00a0\u00a0\u00a0\u00a0\u00a0 4\u00a0\u00a0\u00a0\u00a0\u00a0\u00a0\u00a0\u00a0\u00a0\u00a0\u00a0\u00a0\u00a0\u00a0\u00a0\u00a0\u00a0\u00a0\u00a0\u00a0\u00a0\u00a0 5<\/p>\n<p align=\"center\">C. F. De Navarra\u00a0\u00a0\u00a0\u00a0\u00a0\u00a0\u00a0\u00a0\u00a0\u00a0\u00a0\u00a0\u00a0 -17\u00a0\u00a0\u00a0\u00a0\u00a0\u00a0\u00a0\u00a0\u00a0\u00a0\u00a0\u00a0\u00a0\u00a0\u00a0\u00a0\u00a0\u00a0\u00a0\u00a0 -9<\/p>\n<p align=\"center\">Pa\u00eds Vasco\u00a0\u00a0\u00a0\u00a0\u00a0\u00a0\u00a0\u00a0\u00a0\u00a0\u00a0\u00a0\u00a0\u00a0\u00a0\u00a0\u00a0\u00a0\u00a0\u00a0\u00a0 -10\u00a0\u00a0\u00a0\u00a0\u00a0\u00a0\u00a0\u00a0\u00a0\u00a0\u00a0\u00a0\u00a0\u00a0\u00a0\u00a0\u00a0\u00a0\u00a0\u00a0 -2<\/p>\n<p align=\"center\">La Rioja\u00a0\u00a0\u00a0\u00a0\u00a0\u00a0\u00a0\u00a0\u00a0\u00a0\u00a0\u00a0\u00a0\u00a0\u00a0\u00a0\u00a0\u00a0\u00a0\u00a0\u00a0\u00a0\u00a0\u00a0\u00a0\u00a0 -2\u00a0\u00a0\u00a0\u00a0\u00a0\u00a0\u00a0\u00a0\u00a0\u00a0\u00a0\u00a0\u00a0\u00a0\u00a0\u00a0\u00a0\u00a0\u00a0\u00a0\u00a0 -7<\/p>\n<p align=\"center\"><b>Espa\u00f1a\u00a0\u00a0\u00a0\u00a0\u00a0\u00a0\u00a0\u00a0\u00a0\u00a0\u00a0\u00a0\u00a0\u00a0\u00a0\u00a0\u00a0\u00a0\u00a0\u00a0\u00a0\u00a0\u00a0\u00a0\u00a0\u00a0\u00a0\u00a0 0\u00a0\u00a0\u00a0\u00a0\u00a0\u00a0\u00a0\u00a0\u00a0\u00a0\u00a0\u00a0\u00a0\u00a0\u00a0\u00a0\u00a0\u00a0\u00a0\u00a0\u00a0\u00a0\u00a0 8<\/b><\/p>\n<p>&nbsp;<\/p>\n<p>* Este indicador sint\u00e9tico combina los aspectos de pobreza econ\u00f3mica (renta y desempleo) y pobreza en capital humano (salud y educaci\u00f3n)<\/p>\n<p><i>Fuente: <\/i>Fundaci\u00f3n Bancaja-Ivie<\/p>\n<p>&nbsp;<\/p>\n<p>Los datos de pobreza tambi\u00e9n muestran que la diversidad entre comunidades aut\u00f3nomas ha aumentado hasta casi duplicarse. Prueba de ello es la distancia a la que se encuentran la mayor\u00eda de regiones de la media nacional (<b>gr\u00e1fico 1<\/b>). Mientras comunidades como Canarias, Andaluc\u00eda, Comunitat Valenciana, Murcia e Illes Balears han empeorado su posici\u00f3n respecto a la media nacional, regiones como Navarra, Pa\u00eds Vasco y Comunidad de Madrid se encuentran mejor que la media al finalizar el periodo.<\/p>\n<figure id=\"attachment_887524\" aria-describedby=\"caption-attachment-887524\" style=\"width: 622px\" class=\"wp-caption aligncenter\"><a href=\"https:\/\/www.upo.es\/diario\/wp-content\/uploads\/2013\/05\/indice-pobreza-humana-esp.png\"><img loading=\"lazy\" decoding=\"async\" class=\"size-full wp-image-887524 \" alt=\"\u00cdndice de Pobreza Humana en Espa\u00f1a. \" src=\"https:\/\/www.upo.es\/diario\/wp-content\/uploads\/2013\/05\/indice-pobreza-humana-esp.png\" width=\"622\" height=\"302\" srcset=\"https:\/\/www.upo.es\/diario\/wp-content\/uploads\/2013\/05\/indice-pobreza-humana-esp.png 622w, https:\/\/www.upo.es\/diario\/wp-content\/uploads\/2013\/05\/indice-pobreza-humana-esp-320x155.png 320w, https:\/\/www.upo.es\/diario\/wp-content\/uploads\/2013\/05\/indice-pobreza-humana-esp-600x291.png 600w\" sizes=\"auto, (max-width: 622px) 100vw, 622px\" \/><\/a><figcaption id=\"caption-attachment-887524\" class=\"wp-caption-text\">GR\u00c1FICO 1: \u00cdndice de Pobreza Humana en Espa\u00f1a. Diferencias de las comunidades aut\u00f3nomas respecto a la media nacional. 2006 y 2011. Porcentaje<\/figcaption><\/figure>\n<p>\u00bfC\u00f3mo ha evolucionado la desigualdad desde que se inici\u00f3 la crisis? Ha aumentado en el conjunto de Espa\u00f1a, aunque el comportamiento de las comunidades aut\u00f3nomas ha sido diverso. As\u00ed, en Castilla y Le\u00f3n, Galicia, la Comunidad de Madrid, Catalu\u00f1a y el Pa\u00eds Vasco ha disminuido la desigualdad y el desarrollo humano en estas regiones habr\u00eda sido mayor en el caso de no haber habido recesi\u00f3n, especialmente en las tres primeras. Por su parte, la diferencia respecto a un contexto sin crisis es menor en Catalu\u00f1a, y m\u00ednima en el Pa\u00eds Vasco.<\/p>\n<p>En las dem\u00e1s comunidades aut\u00f3nomas ha aumentado la desigualdad por lo que el desarrollo humano ha ca\u00eddo respecto de un escenario sin recesi\u00f3n. Esto ha ocurrido de especial manera en Regi\u00f3n de Murcia, Canarias y Arag\u00f3n.<\/p>\n<p><b>Evoluci\u00f3n del desarrollo humano<\/b><\/p>\n<p>El desarrollo humano en Espa\u00f1a ha descendido de forma significativa frente a un escenario en el que no hubiera habido crisis: es un 4,4% menor para el conjunto de Espa\u00f1a, siendo Andaluc\u00eda donde la ca\u00edda del desarrollo humano ha sido mayor (6,4%), y Catalu\u00f1a la m\u00ednima (2,7%).<\/p>\n<figure id=\"attachment_887525\" aria-describedby=\"caption-attachment-887525\" style=\"width: 556px\" class=\"wp-caption aligncenter\"><a href=\"https:\/\/www.upo.es\/diario\/wp-content\/uploads\/2013\/05\/variaciones-desarrollo-humano.png\"><img loading=\"lazy\" decoding=\"async\" class=\"size-full wp-image-887525  \" alt=\"Variaciones del Desarrollo Humano en Espa\u00f1a\" src=\"https:\/\/www.upo.es\/diario\/wp-content\/uploads\/2013\/05\/variaciones-desarrollo-humano.png\" width=\"556\" height=\"394\" srcset=\"https:\/\/www.upo.es\/diario\/wp-content\/uploads\/2013\/05\/variaciones-desarrollo-humano.png 556w, https:\/\/www.upo.es\/diario\/wp-content\/uploads\/2013\/05\/variaciones-desarrollo-humano-320x226.png 320w\" sizes=\"auto, (max-width: 556px) 100vw, 556px\" \/><\/a><figcaption id=\"caption-attachment-887525\" class=\"wp-caption-text\">CUADRO 2. Variaciones del Desarrollo Humano en Espa\u00f1a 2006-2010. Porcentaje real respecto a un contexto sin crisis<\/figcaption><\/figure>\n<p>Con todo, se observa una enorme inercia en cuanto a la posici\u00f3n relativa de las comunidades aut\u00f3nomas y la ordenaci\u00f3n pr\u00e1cticamente no cambia a lo largo del tiempo (<b>gr\u00e1fico 2<\/b>).<\/p>\n<figure id=\"attachment_887696\" aria-describedby=\"caption-attachment-887696\" style=\"width: 592px\" class=\"wp-caption aligncenter\"><a href=\"https:\/\/www.upo.es\/diario\/wp-content\/uploads\/2013\/05\/ranking-desarrollo-humano.png\"><img loading=\"lazy\" decoding=\"async\" class=\"size-full wp-image-887696\" alt=\"evoluci\u00f3n del ranking de Desarrollo Humano. \" src=\"https:\/\/www.upo.es\/diario\/wp-content\/uploads\/2013\/05\/ranking-desarrollo-humano.png\" width=\"592\" height=\"416\" srcset=\"https:\/\/www.upo.es\/diario\/wp-content\/uploads\/2013\/05\/ranking-desarrollo-humano.png 592w, https:\/\/www.upo.es\/diario\/wp-content\/uploads\/2013\/05\/ranking-desarrollo-humano-320x224.png 320w\" sizes=\"auto, (max-width: 592px) 100vw, 592px\" \/><\/a><figcaption id=\"caption-attachment-887696\" class=\"wp-caption-text\">GR\u00c1FICO 2: evoluci\u00f3n del ranking de Desarrollo Humano. Comunidades Aut\u00f3nomas 1980-2010 (Fundaci\u00f3n Bancaja-IVIE)<\/figcaption><\/figure>\n<p>&nbsp;<\/p>\n<p><b>El bienestar material se resiente; la educaci\u00f3n y la salud aguantan<\/b><\/p>\n<p>El informe Fundaci\u00f3n Bancaja-Ivie indica que en estos primeros a\u00f1os la crisis ha afectado a Espa\u00f1a y a sus comunidades aut\u00f3nomas en la variable de bienestar material. De este modo, el \u00edndice de bienestar material ha ca\u00eddo un 13,7 % para el conjunto de Espa\u00f1a, oscilando entre un 20,4% para Andaluc\u00eda y un 8,4% para Catalu\u00f1a (cuadro 3).<\/p>\n<p>Por el momento no se han visto alterados los otros dos \u00edndices utilizados en el c\u00e1lculo del desarrollo humano, educaci\u00f3n y salud, debido a que estas variables tienen una enorme inercia y es preciso un periodo de recesi\u00f3n m\u00e1s largo para que se vean afectadas. La variable de salud se ver\u00e1 afectada si el sistema sanitario p\u00fablico sufre un deterioro importante y la pobreza se extiende.\u00a0 Por\u00a0 su\u00a0 parte,\u00a0 una\u00a0 primera\u00a0 reacci\u00f3n\u00a0 al desempleo\u00a0 ha\u00a0 sido\u00a0 el aumento de los \u00edndices de matriculaci\u00f3n, lo que ha mejorado la variable educativa. Si el periodo de crisis se prolonga la tendencia previsible es de un mayor deterioro de la variable de bienestar material, un ligero deterioro de la variable de salud en el medio plazo, y un ligero repunte de la variable de educaci\u00f3n.<\/p>\n<figure id=\"attachment_887697\" aria-describedby=\"caption-attachment-887697\" style=\"width: 512px\" class=\"wp-caption aligncenter\"><a href=\"https:\/\/www.upo.es\/diario\/wp-content\/uploads\/2013\/05\/variaciones-bienestar-material.png\"><img loading=\"lazy\" decoding=\"async\" class=\"size-full wp-image-887697\" alt=\"CUADRO 3: variaciones del bienestar material, 2006-2010.\" src=\"https:\/\/www.upo.es\/diario\/wp-content\/uploads\/2013\/05\/variaciones-bienestar-material.png\" width=\"512\" height=\"347\" srcset=\"https:\/\/www.upo.es\/diario\/wp-content\/uploads\/2013\/05\/variaciones-bienestar-material.png 512w, https:\/\/www.upo.es\/diario\/wp-content\/uploads\/2013\/05\/variaciones-bienestar-material-320x216.png 320w\" sizes=\"auto, (max-width: 512px) 100vw, 512px\" \/><\/a><figcaption id=\"caption-attachment-887697\" class=\"wp-caption-text\">CUADRO 3: variaciones del bienestar material, 2006-2010. Porcentaje real respecto a un contexto sin crisis. (Fundaci\u00f3n Bancaja-IVIE)<\/figcaption><\/figure>\n","protected":false},"excerpt":{"rendered":"<p>En los primeros a\u00f1os de crisis han aumentado las diferencias entre comunidades aut\u00f3nomas en el nivel de pobreza y desigualdad. Al mismo tiempo, ha disminuido el desarrollo humano y, mientras el bienestar material se ha visto duramente afectado con una ca\u00edda del 13,7% para el conjunto de Espa\u00f1a, el impacto de la crisis sobre los \u00edndices de educaci\u00f3n y salud se ha atenuado y, en el periodo analizado, no se han visto influidos. Son datos de los informes Desarrollo humano y pobreza en Espa\u00f1a y sus comunidades aut\u00f3nomas, elaborados por la Fundaci\u00f3n Bancaja y el Ivie.<\/p>\n","protected":false},"author":6,"featured_media":0,"comment_status":"closed","ping_status":"open","sticky":false,"template":"","format":"standard","meta":{"_monsterinsights_skip_tracking":false,"_monsterinsights_sitenote_active":false,"_monsterinsights_sitenote_note":"","_monsterinsights_sitenote_category":0,"footnotes":""},"categories":[6],"tags":[576,144,575,63,285,47,56],"class_list":["post-887523","post","type-post","status-publish","format-standard","hentry","category-institucional","tag-antonio-villar","tag-crisis","tag-desarrollo","tag-economia","tag-espana","tag-fundaciones","tag-investigacion"],"_links":{"self":[{"href":"https:\/\/www.upo.es\/diario\/wp-json\/wp\/v2\/posts\/887523","targetHints":{"allow":["GET"]}}],"collection":[{"href":"https:\/\/www.upo.es\/diario\/wp-json\/wp\/v2\/posts"}],"about":[{"href":"https:\/\/www.upo.es\/diario\/wp-json\/wp\/v2\/types\/post"}],"author":[{"embeddable":true,"href":"https:\/\/www.upo.es\/diario\/wp-json\/wp\/v2\/users\/6"}],"replies":[{"embeddable":true,"href":"https:\/\/www.upo.es\/diario\/wp-json\/wp\/v2\/comments?post=887523"}],"version-history":[{"count":4,"href":"https:\/\/www.upo.es\/diario\/wp-json\/wp\/v2\/posts\/887523\/revisions"}],"predecessor-version":[{"id":887699,"href":"https:\/\/www.upo.es\/diario\/wp-json\/wp\/v2\/posts\/887523\/revisions\/887699"}],"wp:attachment":[{"href":"https:\/\/www.upo.es\/diario\/wp-json\/wp\/v2\/media?parent=887523"}],"wp:term":[{"taxonomy":"category","embeddable":true,"href":"https:\/\/www.upo.es\/diario\/wp-json\/wp\/v2\/categories?post=887523"},{"taxonomy":"post_tag","embeddable":true,"href":"https:\/\/www.upo.es\/diario\/wp-json\/wp\/v2\/tags?post=887523"}],"curies":[{"name":"wp","href":"https:\/\/api.w.org\/{rel}","templated":true}]}}