{"id":891444,"date":"2013-05-16T13:38:38","date_gmt":"2013-05-16T13:38:38","guid":{"rendered":"https:\/\/www.upo.es\/diario\/?p=891444"},"modified":"2013-05-16T16:41:47","modified_gmt":"2013-05-16T16:41:47","slug":"manana-ceremonia-de-egresados-de-las-licenciaturas-de-la-facultad-de-derecho-de-la-upo","status":"publish","type":"post","link":"https:\/\/www.upo.es\/diario\/institucional\/2013\/05\/manana-ceremonia-de-egresados-de-las-licenciaturas-de-la-facultad-de-derecho-de-la-upo\/","title":{"rendered":"Ma\u00f1ana, ceremonia de egresados de las licenciaturas  de la Facultad de Derecho de la UPO"},"content":{"rendered":"<p><span style=\"text-decoration: underline;\">Ma\u00f1ana viernes, a las 17 horas en el <\/span><span style=\"text-decoration: underline;\">Paraninfo de la Universidad Pablo de Olavide<\/span>, se celebrar\u00e1 la Ceremonia de Egresados de la promoci\u00f3n 2008-2013 de la licenciatura en \u00a0Derecho, presidida por Andr\u00e9s Rodr\u00edguez Benot, decano de la Facultad de Derecho de la UPO. Tras este acto, a las 19 horas, comenzar\u00e1 la Ceremonia de Egresados de la promoci\u00f3n 2007-2013 de la licenciatura conjunta en Derecho y Ciencias Pol\u00edticas y de la Administraci\u00f3n, y de la promoci\u00f3n 2008-2013 de la licenciatura de Ciencias Pol\u00edticas y de la Administraci\u00f3n, presidida por Pilar Rodr\u00edguez Reina, vicerrectora de Internacionalizaci\u00f3n y Comunicaci\u00f3n de la UPO.<\/p>\n<p>El padrino de la ceremonia de egresados de la licenciatura en Derecho ser\u00e1 Guillermo Jim\u00e9nez S\u00e1nchez, presidente de la Corte Arbitral de la C\u00e1mara de Comercio, Industrial y Navegaci\u00f3n de Sevilla y ex presidente del Tribunal Constitucional. A esta primera ceremonia tambi\u00e9n asistir\u00e1n la vicedecana de Pr\u00e1cticas y Trabajo Fin de Grados, Cristina Blasco y el vicedecano de Relaciones Internacionales y Movilidad, Alfonso Ybarra.<\/p>\n<p>El presidente del Parlamento Andaluz, Manuel Gracia Navarro, ser\u00e1 el padrino de las promociones de la licenciatura conjunta en Derecho y Ciencias Pol\u00edticas y de la Administraci\u00f3n y la licenciatura en Ciencias Pol\u00edticas y de la Administraci\u00f3n. A la segunda ceremonia asistir\u00e1n tambi\u00e9n el decano de la Facultad de Derecho, Andr\u00e9s Rodr\u00edguez Benot, y la vicedecana de Calidad, Estrategia y Nuevas Tecnolog\u00edas, Mar\u00eda Isabel Lucena Cid.<\/p>\n<p>M\u00e1s de 100 egresados -51 de la licenciatura en Derecho, 35 egresados de la conjunta en Derecho y Ciencias Pol\u00edticas y de la Administraci\u00f3n y 24 de la licenciatura en Ciencias Pol\u00edticas y de la Administraci\u00f3n- han confirmado su asistencia, junto a sus familiares, a estos actos con los que la Universidad Pablo de Olavide recupera una antigua tradici\u00f3n de las universidades europeas.<\/p>\n<p style=\"text-align: center;\">\u00a0<b>Programa Ceremonia Fin de Carrera de la Licenciatura en Derecho<\/b><\/p>\n<p align=\"center\">17.00 horas.Paraninfo de la Universidad Pablo de Olavide<\/p>\n<p align=\"center\">\u00a0&#8211; Apertura del acto.<\/p>\n<p align=\"center\">\u00a0&#8211; Mensaje del padrino de la promoci\u00f3n: Guillermo Jim\u00e9nez S\u00e1nchez, presidente de la Corte Arbitral de la C\u00e1mara de Comercio, Industrial y Navegaci\u00f3n de Sevilla y ex presidente del Tribunal Constitucional.<\/p>\n<p align=\"center\">\u00a0&#8211; Imposici\u00f3n de becas a los estudiantes.<\/p>\n<p align=\"center\">\u00a0&#8211; Intervenci\u00f3n de las representantes de los estudiantes: Pablo G\u00f3mez Mart\u00edn-Bejarano y Rosario Lara Cabello.<\/p>\n<p align=\"center\">\u00a0&#8211; Palabras y clausura del decano de la Facultad de Derecho de la UPO,<\/p>\n<p align=\"center\">Andr\u00e9s Rodr\u00edguez Benot.<\/p>\n<p align=\"center\">\u00a0&#8211;\u00a0\u00a0\u00a0\u00a0\u00a0\u00a0\u00a0\u00a0\u00a0 Himno Universitario.<\/p>\n<p style=\"text-align: center;\">\u00a0<b><span style=\"text-decoration: underline;\">Programa Ceremonia Fin de Carrera de la licenciatura conjunta en Derecho y Ciencias Pol\u00edticas y de la Administraci\u00f3n y de la licenciatura en Ciencias Pol\u00edticas y de la Administraci\u00f3n<\/span><\/b><\/p>\n<p align=\"center\">19.00 horas. Paraninfo de la Universidad Pablo de Olavide<\/p>\n<p align=\"center\">\u00a0&#8211; Apertura del acto.<\/p>\n<p align=\"center\">\u00a0&#8211; Mensaje del padrino de la promoci\u00f3n: Manuel Gracia Navarro, presidente del Parlamento Andaluz<\/p>\n<p align=\"center\">&#8211; Imposici\u00f3n de becas a los estudiantes.<\/p>\n<p align=\"center\">&#8211; Intervenci\u00f3n de las representantes de los estudiantes: Jos\u00e9 Carlos Jariego Medina y Mar\u00eda del Carmen Diego Acosta de la licenciatura conjunta de Derecho y Ciencias Pol\u00edticas y de la Administraci\u00f3n; y Elisa Garc\u00eda de Castro de la licenciatura de Ciencias Pol\u00edticas y de la Administraci\u00f3n<\/p>\n<p align=\"center\">&#8211;\u00a0\u00a0\u00a0\u00a0\u00a0\u00a0\u00a0\u00a0\u00a0 Palabras del decano de la Facultad de Derecho de la UPO, Andr\u00e9s Rodr\u00edguez Benot.<\/p>\n<p align=\"center\">-Clausura por la vicerrectora de Internacionalizaci\u00f3n y Comunicaci\u00f3n, Pilar Rodr\u00edguez Reina.<\/p>\n<p align=\"center\">\u00a0&#8211; Himno Universitario<\/p>\n","protected":false},"excerpt":{"rendered":"<p>Ma\u00f1ana viernes, a las 17 horas en el Paraninfo de la Universidad Pablo de Olavide, se celebrar\u00e1 la Ceremonia de Egresados de la promoci\u00f3n 2008-2013 de la licenciatura en  Derecho, presidida por Andr\u00e9s Rodr\u00edguez Benot, decano de la Facultad de Derecho de la UPO. <\/p>\n","protected":false},"author":4,"featured_media":0,"comment_status":"closed","ping_status":"open","sticky":false,"template":"","format":"standard","meta":{"_monsterinsights_skip_tracking":false,"_monsterinsights_sitenote_active":false,"_monsterinsights_sitenote_note":"","_monsterinsights_sitenote_category":0,"footnotes":""},"categories":[6],"tags":[581,21,81],"class_list":["post-891444","post","type-post","status-publish","format-standard","hentry","category-institucional","tag-ceremonia-de-egresados","tag-estudiantes","tag-facultad-de-derecho"],"_links":{"self":[{"href":"https:\/\/www.upo.es\/diario\/wp-json\/wp\/v2\/posts\/891444","targetHints":{"allow":["GET"]}}],"collection":[{"href":"https:\/\/www.upo.es\/diario\/wp-json\/wp\/v2\/posts"}],"about":[{"href":"https:\/\/www.upo.es\/diario\/wp-json\/wp\/v2\/types\/post"}],"author":[{"embeddable":true,"href":"https:\/\/www.upo.es\/diario\/wp-json\/wp\/v2\/users\/4"}],"replies":[{"embeddable":true,"href":"https:\/\/www.upo.es\/diario\/wp-json\/wp\/v2\/comments?post=891444"}],"version-history":[{"count":2,"href":"https:\/\/www.upo.es\/diario\/wp-json\/wp\/v2\/posts\/891444\/revisions"}],"predecessor-version":[{"id":891971,"href":"https:\/\/www.upo.es\/diario\/wp-json\/wp\/v2\/posts\/891444\/revisions\/891971"}],"wp:attachment":[{"href":"https:\/\/www.upo.es\/diario\/wp-json\/wp\/v2\/media?parent=891444"}],"wp:term":[{"taxonomy":"category","embeddable":true,"href":"https:\/\/www.upo.es\/diario\/wp-json\/wp\/v2\/categories?post=891444"},{"taxonomy":"post_tag","embeddable":true,"href":"https:\/\/www.upo.es\/diario\/wp-json\/wp\/v2\/tags?post=891444"}],"curies":[{"name":"wp","href":"https:\/\/api.w.org\/{rel}","templated":true}]}}