{"id":895362,"date":"2013-05-17T11:49:36","date_gmt":"2013-05-17T11:49:36","guid":{"rendered":"https:\/\/www.upo.es\/diario\/?p=895362"},"modified":"2013-05-20T06:13:30","modified_gmt":"2013-05-20T06:13:30","slug":"marga-zango-representa-a-la-upo-en-la-iv-sesion-de-la-plataforma-mundial-para-la-reduccion-del-riesgo-de-desastres","status":"publish","type":"post","link":"https:\/\/www.upo.es\/diario\/institucional\/2013\/05\/marga-zango-representa-a-la-upo-en-la-iv-sesion-de-la-plataforma-mundial-para-la-reduccion-del-riesgo-de-desastres\/","title":{"rendered":"Marga Zango representa a la UPO en la IV sesi\u00f3n de la Plataforma Mundial para la Reducci\u00f3n del Riesgo de Desastres"},"content":{"rendered":"<figure id=\"attachment_895363\" aria-describedby=\"caption-attachment-895363\" style=\"width: 320px\" class=\"wp-caption alignright\"><a href=\"https:\/\/www.upo.es\/diario\/wp-content\/uploads\/2013\/05\/marga-zango.jpg\"><img loading=\"lazy\" decoding=\"async\" class=\"size-medium wp-image-895363\" alt=\"Marga Zango\" src=\"https:\/\/www.upo.es\/diario\/wp-content\/uploads\/2013\/05\/marga-zango-320x234.jpg\" width=\"320\" height=\"234\" srcset=\"https:\/\/www.upo.es\/diario\/wp-content\/uploads\/2013\/05\/marga-zango-320x234.jpg 320w, https:\/\/www.upo.es\/diario\/wp-content\/uploads\/2013\/05\/marga-zango-1024x750.jpg 1024w, https:\/\/www.upo.es\/diario\/wp-content\/uploads\/2013\/05\/marga-zango-600x439.jpg 600w\" sizes=\"auto, (max-width: 320px) 100vw, 320px\" \/><\/a><figcaption id=\"caption-attachment-895363\" class=\"wp-caption-text\">La profesora del \u00e1rea de Tecnolog\u00edas del Medio Ambiente de la UPO acude a este foro auspiciado por la ONU que se celebra en Ginebra desde el domingo 19 de mayo como experta en Gesti\u00f3n de Riesgos Naturales<\/figcaption><\/figure>\n<p>La profesora de Tecnolog\u00edas del Medio Ambiente de la Universidad Pablo de Olavide Marga Zango Pascual representa a esta instituci\u00f3n \u00a0en la 4\u00aa Sesi\u00f3n de la Plataforma Mundial para la Reducci\u00f3n del Riesgo de Desastres, que se celebra entre el 19 y el 23 de mayo en la ciudad suiza de Ginebra, auspiciada por la Organizaci\u00f3n de Naciones Unidas.<\/p>\n<p>Experta en Gesti\u00f3n de Riesgos Naturales, Marga Zango Pascual participar\u00e1 como delegada en esta\u00a0<a href=\"http:\/\/www.preventionweb.net\/globalplatform\/2013\/\">Cuarta Sesi\u00f3n de la Plataforma Mundial<\/a>\u00a0en la que el progreso en la reducci\u00f3n de riesgos y la creaci\u00f3n de la resiliencia ser\u00e1n objeto de debate por parte de especialistas de todo el mundo, quienes compartir\u00e1n experiencias, innovaciones y pr\u00e1cticas.<\/p>\n<p>La\u00a0<a href=\"http:\/\/www.unisdr.org\/\">Plataforma Mundial para la reducci\u00f3n del riesgo de desastres (UNISDR)<\/a>\u00a0es el foro que re\u00fane a gobiernos, organizaciones intergubernamentales, ONGs, comunidades locales, alcaldes, parlamentarios, instituciones cient\u00edficas y acad\u00e9micas, al sector privado y otros agentes que intervienen en la reducci\u00f3n del riesgo de desastres.<\/p>\n<p>Esta Cuarta Sesi\u00f3n de la Plataforma Mundial, es tambi\u00e9n un hito para los an\u00e1lisis sobre un marco despu\u00e9s del 2015 para la reducci\u00f3n del riesgo de desastres, una vez que el\u00a0<a href=\"http:\/\/www.unisdr.org\/we\/coordinate\/hfa\">Marco de Acci\u00f3n de Hyogo<\/a>\u00a02005-2015 complete su primer plazo de 10 a\u00f1os. La Cuarta Sesi\u00f3n tiene como lema \u201cInvirtamos hoy en un ma\u00f1ana m\u00e1s seguro: Personas resilientes-Planeta resiliente\u201d, en un momento en que hay un impulso internacional para reducir el riesgo de desastres y aumentar la resiliencia de las comunidades.<\/p>\n<p>M\u00e1s de 3.000 delegados y delegadas de 170 pa\u00edses participar\u00e1n en esta sesi\u00f3n, con el objetivo de crear nuevas asociaciones y alianzas y debatir sobre la generaci\u00f3n de resiliencia como objetivo prioritario, una vez asumido el papel de freno para el desarrollo y para la consecuci\u00f3n\u00a0 de los Objetivos de Desarrollo del Milenio que pueden suponer los desastres. La globalizaci\u00f3n de sus efectos qued\u00f3 patente con el terremoto y posterior tsunami de Jap\u00f3n en 2011.<\/p>\n<p>El punto de contacto en Espa\u00f1a de la Estrategia Internacional de Reducci\u00f3n de Desastres es la Direcci\u00f3n General de Protecci\u00f3n Civil y Emergencias del Ministerio del Interior, con la que la doctora Zango ya ha participado en anteriores ocasiones, como en el reciente Foro Iberoamericano de Protecci\u00f3n Civil que vers\u00f3 sobre el papel de las mujeres y ni\u00f1as en la generaci\u00f3n de resiliencia, bajo el lema <i>\u201cMujeres y ni\u00f1as, la Fuerza (in)visible de la Resiliencia\u201d.<\/i> <a href=\"http:\/\/www.proteccioncivil.org\/catalogo\/guiastecnicas\/conferencia-virtual-mujer-reduccion-desastres\/presentaciones\/p4.pdf\">http:\/\/www.proteccioncivil.org\/catalogo\/guiastecnicas\/conferencia-virtual-mujer-reduccion-desastres\/presentaciones\/p4.pdf<\/a><\/p>\n","protected":false},"excerpt":{"rendered":"<p>La profesora de Tecnolog\u00edas del Medio Ambiente de la Universidad Pablo de Olavide Marga Zango Pascual representa a esta instituci\u00f3n en la 4\u00aa Sesi\u00f3n de la Plataforma Mundial para la Reducci\u00f3n del Riesgo de Desastres, que se celebra entre el 19 y el 23 de mayo en la ciudad suiza de Ginebra, auspiciada por la Organizaci\u00f3n de Naciones Unidas.<\/p>\n","protected":false},"author":6,"featured_media":0,"comment_status":"closed","ping_status":"open","sticky":false,"template":"","format":"standard","meta":{"_monsterinsights_skip_tracking":false,"_monsterinsights_sitenote_active":false,"_monsterinsights_sitenote_note":"","_monsterinsights_sitenote_category":0,"footnotes":""},"categories":[6],"tags":[429,591,345,590,199],"class_list":["post-895362","post","type-post","status-publish","format-standard","hentry","category-institucional","tag-medio-ambiente","tag-naciones-unidas","tag-naturaleza","tag-onu","tag-profesorado"],"_links":{"self":[{"href":"https:\/\/www.upo.es\/diario\/wp-json\/wp\/v2\/posts\/895362","targetHints":{"allow":["GET"]}}],"collection":[{"href":"https:\/\/www.upo.es\/diario\/wp-json\/wp\/v2\/posts"}],"about":[{"href":"https:\/\/www.upo.es\/diario\/wp-json\/wp\/v2\/types\/post"}],"author":[{"embeddable":true,"href":"https:\/\/www.upo.es\/diario\/wp-json\/wp\/v2\/users\/6"}],"replies":[{"embeddable":true,"href":"https:\/\/www.upo.es\/diario\/wp-json\/wp\/v2\/comments?post=895362"}],"version-history":[{"count":4,"href":"https:\/\/www.upo.es\/diario\/wp-json\/wp\/v2\/posts\/895362\/revisions"}],"predecessor-version":[{"id":906731,"href":"https:\/\/www.upo.es\/diario\/wp-json\/wp\/v2\/posts\/895362\/revisions\/906731"}],"wp:attachment":[{"href":"https:\/\/www.upo.es\/diario\/wp-json\/wp\/v2\/media?parent=895362"}],"wp:term":[{"taxonomy":"category","embeddable":true,"href":"https:\/\/www.upo.es\/diario\/wp-json\/wp\/v2\/categories?post=895362"},{"taxonomy":"post_tag","embeddable":true,"href":"https:\/\/www.upo.es\/diario\/wp-json\/wp\/v2\/tags?post=895362"}],"curies":[{"name":"wp","href":"https:\/\/api.w.org\/{rel}","templated":true}]}}