{"id":8953766,"date":"2015-03-10T07:00:01","date_gmt":"2015-03-10T07:00:01","guid":{"rendered":"https:\/\/www.upo.es\/diario\/?p=8953766"},"modified":"2015-03-10T12:40:03","modified_gmt":"2015-03-10T12:40:03","slug":"manana-se-celebra-en-la-upo-una-mesa-redonda-sobre-la-situacion-de-la-mujer-en-el-deporte","status":"publish","type":"post","link":"https:\/\/www.upo.es\/diario\/institucional\/2015\/03\/manana-se-celebra-en-la-upo-una-mesa-redonda-sobre-la-situacion-de-la-mujer-en-el-deporte\/","title":{"rendered":"Contin\u00faan en la UPO las actividades del D\u00eda Internacional de las Mujeres"},"content":{"rendered":"<figure id=\"attachment_8971208\" aria-describedby=\"caption-attachment-8971208\" style=\"width: 600px\" class=\"wp-caption aligncenter\"><a href=\"https:\/\/www.upo.es\/diario\/wp-content\/uploads\/2015\/03\/mr_d\u00edamujer.jpg\"><img loading=\"lazy\" decoding=\"async\" class=\"size-large wp-image-8971208\" alt=\"De izquierda a derecha, Macarena, Gonz\u00e1lez, Encarnaci\u00f3n Aguilar, Antonio Fern\u00e1ndez, Francisca Bazalo y Laura P\u00e9rez.\" src=\"https:\/\/www.upo.es\/diario\/wp-content\/uploads\/2015\/03\/mr_d\u00edamujer-600x400.jpg\" width=\"600\" height=\"400\" srcset=\"https:\/\/www.upo.es\/diario\/wp-content\/uploads\/2015\/03\/mr_d\u00edamujer-600x400.jpg 600w, https:\/\/www.upo.es\/diario\/wp-content\/uploads\/2015\/03\/mr_d\u00edamujer-320x213.jpg 320w\" sizes=\"auto, (max-width: 600px) 100vw, 600px\" \/><\/a><figcaption id=\"caption-attachment-8971208\" class=\"wp-caption-text\">De izquierda a derecha, Macarena Gonz\u00e1lez, Encarnaci\u00f3n Aguilar, Antonio Fern\u00e1ndez, Francisca Bazalo y Laura P\u00e9rez.<\/figcaption><\/figure>\n<p>La Universidad Pablo de Olavide ha acogido hoy martes la celebraci\u00f3n de la <b>mesa redonda \u201cLa situaci\u00f3n de la mujer actual en el Deporte\u201d<\/b>, en la que han participado Encarnaci\u00f3n Aguilar Silva, directora general de Violencia de G\u00e9nero y Asistencia a V\u00edctimas de la Junta de Andaluc\u00eda; Francisca Bazalo Gallego, deportista paral\u00edmpica (Barcelona 92, Atlanta 96 y Sydney 2000) y delegada de la Fundaci\u00f3n Andaluc\u00eda Ol\u00edmpica en M\u00e1laga; Macarena Gonz\u00e1lez Mill\u00e1n, \u00e1rbitra andaluza de f\u00fatbol, y Laura P\u00e9rez Torres, periodista y promotora del Peri\u00f3dico Digital Avance Deportivo Multimedia. Este encuentro, organizado por la Facultad de Ciencias del Deporte de la UPO en el marco de las actividades programadas por esta universidad con motivo del D\u00eda Internacional de las Mujeres, ha sido presentado por el decano de esta facultad Antonio Fern\u00e1ndez Mart\u00ednez. La profesora Elizabeth Rodr\u00edguez Bies ha moderado la mesa redonda.<\/p>\n<p>Tambi\u00e9n desde hoy martes y hasta el viernes 13 de marzo, de 12:00 a 14:00 horas en la planta s\u00f3tano del edificio Celestino Mutis, podr\u00e1 visitarse la <b>exposici\u00f3n digital<\/b> <b>\u201cMujeres y Educaci\u00f3n Ambiental\u201d<\/b>, coordinada por el Servicio de Educaci\u00f3n Ambiental y Sostenibilidad de la UPO.<\/p>\n<p>De otro lado, ma\u00f1ana mi\u00e9rcoles 11 de marzo, a las 16:30 horas en el aula 103 del edificio 29, se celebrar\u00e1 el <b>taller \u201cNo me quieras tanto, qui\u00e9reme mejor\u201d, <\/b>que ser\u00e1 impartido porJuan Ignacio Paz, psic\u00f3logo especialista en recuperaci\u00f3n emocional y ps\u00edquica de mujeres v\u00edctimas de violencia de g\u00e9nero del Instituto Andaluz de la Mujer, y Paola Fern\u00e1ndez Zurbarr\u00e1n, psic\u00f3loga de la Asociaci\u00f3n de Estudios Sociales por la Igualdad de la Mujer (AESIM) y coordinadora del proyecto \u201cAtenci\u00f3n psicol\u00f3gica de mujeres menores de edad v\u00edctimas de violencia de g\u00e9nero\u201d. Esta actividad est\u00e1 coordinada por Mar\u00eda Marco Macarro, profesora de la Facultad de Ciencias Sociales de la UPO. Tambi\u00e9n el d\u00eda 11, a las 21:30 horas, la residencia Flora Trist\u00e1n celebrar\u00e1 en su sala de conferencias un <b>v\u00eddeo forum<\/b> en el que se analizar\u00e1 el papel de la mujer y sus derechos.<\/p>\n<figure id=\"attachment_8953767\" aria-describedby=\"caption-attachment-8953767\" style=\"width: 320px\" class=\"wp-caption alignright\"><a href=\"https:\/\/www.upo.es\/diario\/wp-content\/uploads\/2015\/03\/Photocall_Dia-Intern-Mujeres.jpg\"><img loading=\"lazy\" decoding=\"async\" class=\"size-medium wp-image-8953767\" alt=\"Photocall instalado hoy en el campus con motivo del D\u00eda Internacional de las Mujeres\" src=\"https:\/\/www.upo.es\/diario\/wp-content\/uploads\/2015\/03\/Photocall_Dia-Intern-Mujeres-320x191.jpg\" width=\"320\" height=\"191\" srcset=\"https:\/\/www.upo.es\/diario\/wp-content\/uploads\/2015\/03\/Photocall_Dia-Intern-Mujeres-320x191.jpg 320w, https:\/\/www.upo.es\/diario\/wp-content\/uploads\/2015\/03\/Photocall_Dia-Intern-Mujeres-600x359.jpg 600w\" sizes=\"auto, (max-width: 320px) 100vw, 320px\" \/><\/a><figcaption id=\"caption-attachment-8953767\" class=\"wp-caption-text\">Photocall instalado el lunes en el campus con motivo del D\u00eda Internacional de las Mujeres<\/figcaption><\/figure>\n<p>Para el jueves 12 de marzo la Facultad del Deporte ha organizado el <b>I Raid Multiaventura\u00a0 Mujeres y Hombres \u201cAtr\u00e9vete a participar por la Igualdad\u201d UPO 2015<\/b>, una carrera de orientaci\u00f3n y superaci\u00f3n de pruebas deportivas coordinada por Jes\u00fas Morenas Mart\u00edn, profesor de esta facultad, \u00a0Miguel \u00c1ngel Barea Barrero, estudiante del M\u00e1ster de Formaci\u00f3n del Profesorado, y Rita Mar\u00eda Jim\u00e9nez Montes, estudiante del M\u00e1ster de G\u00e9nero e Igualdad. Comenzar\u00e1 a las 11:00 horas y el punto de partida ser\u00e1 la Plaza de Am\u00e9rica de la UPO.<\/p>\n<p>Tambi\u00e9n el jueves 12, a las 13:00 horas en la Plaza de Am\u00e9rica de la UPO, se celebrar\u00e1 el\u00a0 <b>flashmob \u201cRompe con todos los moldes: Atr\u00e9vete a participar por la Igualdad\u201d<\/b>, coordinado por Pilar Rubio Contreras, coordinadora de Estudiantes del Departamento de Trabajo Social, Candelaria Terce\u00f1o Solozano, profesora del Departamento de Trabajo Social y Servicios Sociales, y el CEUPO.<\/p>\n<p>Finalmente, los d\u00edas 24, 25 y 26 de marzo, a las 16:30 horas en el Espacio Cultural Antigua Guarder\u00eda,\u00a0 Inmaculada S\u00e1nchez M\u00e1rquez, trabajadora social y arteterapeuta, impartir\u00e1 el <b>\u201cCurso de vuelo para brujas que olvidaron que lo son\u201d<\/b>.<\/p>\n<p>La Oficina para la Igualdad del Vicerrectorado de Estudiantes, Cultura y Compromiso Social de la Universidad Pablo de Olavide ha sido la encargada de poner en marcha la <b><a href=\"http:\/\/www.upo.es\/upsc\/igualdad\/Formacionysensibilizacion\/index.jsp\">Campa\u00f1a 8 de marzo \u201cD\u00eda Internacional de las mujeres\u201d<\/a><\/b>, con el objetivo promover actuaciones que permitan la sensibilizaci\u00f3n y formaci\u00f3n de la comunidad universitaria y la sociedad en materia de g\u00e9nero e igualdad, dando cumplimiento al objetivo 1 del I Plan de Igualdad de la UPO, 2013-2015. As\u00ed, desde el pasado martes 3 de marzo y durante todo este mes se celebrar\u00e1n diversas acciones propuestas por esta oficina, por la Facultad de Ciencias Sociales, la Facultad del Deporte, la Facultad de Ciencias Empresariales, la Residencia Universitaria Flora Trist\u00e1n, el Servicio de Educaci\u00f3n Ambiental y Sostenibilidad, el Servicio de Extensi\u00f3n Cultural y el CEUPO.<\/p>\n<p>&nbsp;<\/p>\n","protected":false},"excerpt":{"rendered":"<p>Hoy martes contin\u00faan en la Universidad Pablo de Olavide las actividades del D\u00eda Internacional de las Mujeres con una mesa redonda en la que participan Encarnaci\u00f3n Aguilar, directora general de Violencia de G\u00e9nero de la Junta, la deportista paral\u00edmpica y delegada de la Fundaci\u00f3n Andaluc\u00eda Ol\u00edmpica en M\u00e1laga Francisca Bazalo Gallego, la \u00e1rbitra de f\u00fatbol Macarena Gonz\u00e1lez Mill\u00e1n, y la periodista Laura P\u00e9rez Torres.<\/p>\n","protected":false},"author":6,"featured_media":0,"comment_status":"closed","ping_status":"open","sticky":false,"template":"","format":"standard","meta":{"_monsterinsights_skip_tracking":false,"_monsterinsights_sitenote_active":false,"_monsterinsights_sitenote_note":"","_monsterinsights_sitenote_category":0,"footnotes":""},"categories":[6],"tags":[231,1200,517,221,562,549,1265],"class_list":["post-8953766","post","type-post","status-publish","format-standard","hentry","category-institucional","tag-deportes-2","tag-dia-internacional-de-las-mujeres","tag-igualdad","tag-mesa-redonda","tag-oficina-de-igualdad","tag-talleres","tag-vicerrectorado-de-estudiantes-cultura-y-compromiso-social"],"_links":{"self":[{"href":"https:\/\/www.upo.es\/diario\/wp-json\/wp\/v2\/posts\/8953766","targetHints":{"allow":["GET"]}}],"collection":[{"href":"https:\/\/www.upo.es\/diario\/wp-json\/wp\/v2\/posts"}],"about":[{"href":"https:\/\/www.upo.es\/diario\/wp-json\/wp\/v2\/types\/post"}],"author":[{"embeddable":true,"href":"https:\/\/www.upo.es\/diario\/wp-json\/wp\/v2\/users\/6"}],"replies":[{"embeddable":true,"href":"https:\/\/www.upo.es\/diario\/wp-json\/wp\/v2\/comments?post=8953766"}],"version-history":[{"count":5,"href":"https:\/\/www.upo.es\/diario\/wp-json\/wp\/v2\/posts\/8953766\/revisions"}],"predecessor-version":[{"id":8968584,"href":"https:\/\/www.upo.es\/diario\/wp-json\/wp\/v2\/posts\/8953766\/revisions\/8968584"}],"wp:attachment":[{"href":"https:\/\/www.upo.es\/diario\/wp-json\/wp\/v2\/media?parent=8953766"}],"wp:term":[{"taxonomy":"category","embeddable":true,"href":"https:\/\/www.upo.es\/diario\/wp-json\/wp\/v2\/categories?post=8953766"},{"taxonomy":"post_tag","embeddable":true,"href":"https:\/\/www.upo.es\/diario\/wp-json\/wp\/v2\/tags?post=8953766"}],"curies":[{"name":"wp","href":"https:\/\/api.w.org\/{rel}","templated":true}]}}