{"id":8972085,"date":"2015-03-10T08:52:17","date_gmt":"2015-03-10T08:52:17","guid":{"rendered":"https:\/\/www.upo.es\/diario\/?p=8972085"},"modified":"2015-03-10T10:58:26","modified_gmt":"2015-03-10T10:58:26","slug":"celebrado-el-primer-curso-para-examinadores-oficiales-del-dominio-de-lenguaje-matematico-acorde-al-mcerl","status":"publish","type":"post","link":"https:\/\/www.upo.es\/diario\/ciencia\/2015\/03\/celebrado-el-primer-curso-para-examinadores-oficiales-del-dominio-de-lenguaje-matematico-acorde-al-mcerl\/","title":{"rendered":"Celebrado el primer curso para examinadores oficiales del dominio de lenguaje matem\u00e1tico acorde al MCERL"},"content":{"rendered":"<figure id=\"attachment_37702\" aria-describedby=\"caption-attachment-37702\" style=\"width: 300px\" class=\"wp-caption alignright\"><a href=\"https:\/\/www.upo.es\/diario\/wp-content\/uploads\/2012\/12\/Eugenio_Fedrianig.jpg\"><img loading=\"lazy\" decoding=\"async\" class=\"size-medium wp-image-37702 \" alt=\"Eugenio M. Fedriani Martel es director general de Idiomas y Estudiantes Extranjeros de la UPO\" src=\"https:\/\/www.upo.es\/diario\/wp-content\/uploads\/2012\/12\/Eugenio_Fedrianig-300x200.jpg\" width=\"300\" height=\"200\" srcset=\"https:\/\/www.upo.es\/diario\/wp-content\/uploads\/2012\/12\/Eugenio_Fedrianig-300x200.jpg 300w, https:\/\/www.upo.es\/diario\/wp-content\/uploads\/2012\/12\/Eugenio_Fedrianig-1024x682.jpg 1024w, https:\/\/www.upo.es\/diario\/wp-content\/uploads\/2012\/12\/Eugenio_Fedrianig-600x400.jpg 600w\" sizes=\"auto, (max-width: 300px) 100vw, 300px\" \/><\/a><figcaption id=\"caption-attachment-37702\" class=\"wp-caption-text\">Eugenio Fedriani ha sido promotor de la idea y ha impartido el primer curso<\/figcaption><\/figure>\n<p>En el marco del Plan de Formaci\u00f3n PDI 2015 de la UPO, se ha celebrado el primer <strong>curso para examinadores oficiales del dominio del Lenguaje Matem\u00e1tico (LM) de acuerdo con el Marco Com\u00fan Europeo de Referencia para las Lenguas (MCERL)<\/strong>.<\/p>\n<p>La idea de acreditar el dominio de dicho lenguaje, <strong>fundamento tanto de las ciencias sociales como de las experimentales y base del desarrollo tecnol\u00f3gico actual<\/strong>, surgi\u00f3 hace un par de a\u00f1os en el seno del grupo de investigaci\u00f3n Ic\u00e1rea de la UPO. Entonces, por primera vez a nivel mundial, se tradujo el MCERL al LM y se plantearon las primeras pruebas de nivel. De hecho, el curso pasado se desarrollaron y probaron los ex\u00e1menes online de los niveles A1 y A2 y este curso 2014\/2015, como parte de un proyecto de innovaci\u00f3n docente, se ha dise\u00f1ado y celebrado el primer examen de nivel B1, presencial y abierto a estudiantes de diferentes titulaciones de la UPO.<\/p>\n<p>A fin de culminar el proceso de consolidaci\u00f3n de las pruebas y para garantizar la correcta evaluaci\u00f3n de las mismas en el futuro, se ha celebrado un curso para formar a los futuros examinadores. El curso ha sido impartido por el promotor de la idea, Eugenio Fedriani Martel, y otros doce profesores de la UPO han completado el mismo y se han convertido, as\u00ed, en los primeros candidatos a examinadores oficiales del dominio de LM.<\/p>\n<p>Los contenidos del primer curso de examinadores, de 15 horas de duraci\u00f3n, se pueden resumir en los siguientes ep\u00edgrafes: introducci\u00f3n y motivaci\u00f3n; naturaleza del MCERL; familiarizaci\u00f3n con los niveles; niveles A1 y A2 de LM; acreditaci\u00f3n de nivel B1 de LM; descripci\u00f3n del examen escrito de nivel B1 y criterios de correcci\u00f3n del mismo; an\u00e1lisis del examen escrito de nivel B1; descripci\u00f3n del examen oral de nivel B1 y criterios de correcci\u00f3n del mismo; an\u00e1lisis del examen oral de nivel B1; pr\u00e1ctica de correcci\u00f3n de ex\u00e1menes de nivel B1 de convocatorias pasadas; asignaci\u00f3n de tareas para los candidatos; acreditaci\u00f3n como corrector del nivel B1 tanto del examen escrito como del oral.<\/p>\n<p>&nbsp;<\/p>\n","protected":false},"excerpt":{"rendered":"<p>En el marco del Plan de Formaci\u00f3n PDI 2015 de la UPO, se ha celebrado el primer curso para examinadores oficiales del dominio del Lenguaje Matem\u00e1tico (LM) de acuerdo con el Marco Com\u00fan Europeo de Referencia para las Lenguas (MCERL). <\/p>\n","protected":false},"author":6,"featured_media":0,"comment_status":"closed","ping_status":"open","sticky":false,"template":"","format":"standard","meta":{"_monsterinsights_skip_tracking":false,"_monsterinsights_sitenote_active":false,"_monsterinsights_sitenote_note":"","_monsterinsights_sitenote_category":0,"footnotes":""},"categories":[3],"tags":[141,1973,554,1260,980,199],"class_list":["post-8972085","post","type-post","status-publish","format-standard","hentry","category-ciencia","tag-curso","tag-docencia","tag-innovacion","tag-lenguaje","tag-matematicas","tag-profesorado"],"_links":{"self":[{"href":"https:\/\/www.upo.es\/diario\/wp-json\/wp\/v2\/posts\/8972085","targetHints":{"allow":["GET"]}}],"collection":[{"href":"https:\/\/www.upo.es\/diario\/wp-json\/wp\/v2\/posts"}],"about":[{"href":"https:\/\/www.upo.es\/diario\/wp-json\/wp\/v2\/types\/post"}],"author":[{"embeddable":true,"href":"https:\/\/www.upo.es\/diario\/wp-json\/wp\/v2\/users\/6"}],"replies":[{"embeddable":true,"href":"https:\/\/www.upo.es\/diario\/wp-json\/wp\/v2\/comments?post=8972085"}],"version-history":[{"count":1,"href":"https:\/\/www.upo.es\/diario\/wp-json\/wp\/v2\/posts\/8972085\/revisions"}],"predecessor-version":[{"id":8972086,"href":"https:\/\/www.upo.es\/diario\/wp-json\/wp\/v2\/posts\/8972085\/revisions\/8972086"}],"wp:attachment":[{"href":"https:\/\/www.upo.es\/diario\/wp-json\/wp\/v2\/media?parent=8972085"}],"wp:term":[{"taxonomy":"category","embeddable":true,"href":"https:\/\/www.upo.es\/diario\/wp-json\/wp\/v2\/categories?post=8972085"},{"taxonomy":"post_tag","embeddable":true,"href":"https:\/\/www.upo.es\/diario\/wp-json\/wp\/v2\/tags?post=8972085"}],"curies":[{"name":"wp","href":"https:\/\/api.w.org\/{rel}","templated":true}]}}