{"id":8972100,"date":"2015-03-10T11:35:42","date_gmt":"2015-03-10T11:35:42","guid":{"rendered":"https:\/\/www.upo.es\/diario\/?p=8972100"},"modified":"2015-03-10T11:35:42","modified_gmt":"2015-03-10T11:35:42","slug":"reunion-de-la-universidad-pablo-de-olavide-y-la-universidad-de-cadiz-sobre-el-plan-estrategico-de-la-upo","status":"publish","type":"post","link":"https:\/\/www.upo.es\/diario\/institucional\/2015\/03\/reunion-de-la-universidad-pablo-de-olavide-y-la-universidad-de-cadiz-sobre-el-plan-estrategico-de-la-upo\/","title":{"rendered":"Reuni\u00f3n de la Universidad Pablo de Olavide y la Universidad de C\u00e1diz sobre el Plan Estrat\u00e9gico de la UPO"},"content":{"rendered":"<figure id=\"attachment_8972101\" aria-describedby=\"caption-attachment-8972101\" style=\"width: 600px\" class=\"wp-caption aligncenter\"><a href=\"https:\/\/www.upo.es\/diario\/wp-content\/uploads\/2015\/03\/Reunion-DEPE_02_03_2015_07.jpg\"><img loading=\"lazy\" decoding=\"async\" class=\"size-large wp-image-8972101\" alt=\"Jos\u00e9 Manuel Feria junto a Antonio Javier Gonz\u00e1lez Rueda en un momento de la reuni\u00f3n. \" src=\"https:\/\/www.upo.es\/diario\/wp-content\/uploads\/2015\/03\/Reunion-DEPE_02_03_2015_07-600x337.jpg\" width=\"600\" height=\"337\" srcset=\"https:\/\/www.upo.es\/diario\/wp-content\/uploads\/2015\/03\/Reunion-DEPE_02_03_2015_07-600x337.jpg 600w, https:\/\/www.upo.es\/diario\/wp-content\/uploads\/2015\/03\/Reunion-DEPE_02_03_2015_07-320x180.jpg 320w\" sizes=\"auto, (max-width: 600px) 100vw, 600px\" \/><\/a><figcaption id=\"caption-attachment-8972101\" class=\"wp-caption-text\">Jos\u00e9 Manuel Feria junto a Antonio Javier Gonz\u00e1lez Rueda en un momento de la reuni\u00f3n.<\/figcaption><\/figure>\n<p style=\"text-align: justify;\" align=\"center\">El delegado del rector en materia de Estrategia, Prospectiva y Emprendimiento, <b>Jos\u00e9 Manuel Feria<\/b>, y el comisionado del II Plan Estrat\u00e9gico de la Universidad de C\u00e1diz, <b>Antonio Javier Gonz\u00e1lez Rueda<\/b>, han mantenido un encuentro con objeto de compartir la experiencia de gobierno abierto de la Universidad Pablo de Olavide desarrollada durante la fase de participaci\u00f3n del Plan Estrat\u00e9gico UPO 2014-1016.<\/p>\n<p>La Universidad de C\u00e1diz ha elogiado esta innovaci\u00f3n en materia de planificaci\u00f3n estrat\u00e9gica universitaria y ha mostrado su inter\u00e9s por el dise\u00f1o del proceso de seguimiento del Plan, en el que participa un equipo multidisciplinar compuesto por personal del Centro de Inform\u00e1tica y Comunicaciones (CIC), la Unidad T\u00e9cnica de Comunicaci\u00f3n, el Centro de Estudios de Postgrados (CEDEP) y Biblioteca, y que se encuentra coordinado por el Vicerrectorado TIC, Calidad e Innovaci\u00f3n y la propia Delegaci\u00f3n de Estrategia, Prospectiva y Emprendimiento de la UPO.<\/p>\n<p>En breve, los principales indicadores del Plan se har\u00e1n p\u00fablicos para que la comunidad universitaria pueda opinar, sugerir y votar el grado de consecuci\u00f3n de los mismos, en consonancia con los principios de transparencia, participaci\u00f3n y colaboraci\u00f3n que promueve la filosof\u00eda Open Government.<\/p>\n","protected":false},"excerpt":{"rendered":"<p>El delegado del rector en materia de Estrategia, Prospectiva y Emprendimiento, Jos\u00e9 Manuel Feria, y el comisionado del II Plan Estrat\u00e9gico de la Universidad de C\u00e1diz, Antonio Javier Gonz\u00e1lez Rueda, han mantenido un encuentro con objeto de compartir la experiencia de gobierno abierto de la Universidad Pablo de Olavide desarrollada durante la fase de participaci\u00f3n del Plan Estrat\u00e9gico UPO 2014-1016.<\/p>\n","protected":false},"author":2,"featured_media":0,"comment_status":"closed","ping_status":"open","sticky":false,"template":"","format":"standard","meta":{"_monsterinsights_skip_tracking":false,"_monsterinsights_sitenote_active":false,"_monsterinsights_sitenote_note":"","_monsterinsights_sitenote_category":0,"footnotes":""},"categories":[6],"tags":[277,550,719,1540],"class_list":["post-8972100","post","type-post","status-publish","format-standard","hentry","category-institucional","tag-gobierno-abierto","tag-plan-estrategico","tag-tic","tag-vicerrectorado-de-tic"],"_links":{"self":[{"href":"https:\/\/www.upo.es\/diario\/wp-json\/wp\/v2\/posts\/8972100","targetHints":{"allow":["GET"]}}],"collection":[{"href":"https:\/\/www.upo.es\/diario\/wp-json\/wp\/v2\/posts"}],"about":[{"href":"https:\/\/www.upo.es\/diario\/wp-json\/wp\/v2\/types\/post"}],"author":[{"embeddable":true,"href":"https:\/\/www.upo.es\/diario\/wp-json\/wp\/v2\/users\/2"}],"replies":[{"embeddable":true,"href":"https:\/\/www.upo.es\/diario\/wp-json\/wp\/v2\/comments?post=8972100"}],"version-history":[{"count":1,"href":"https:\/\/www.upo.es\/diario\/wp-json\/wp\/v2\/posts\/8972100\/revisions"}],"predecessor-version":[{"id":8972102,"href":"https:\/\/www.upo.es\/diario\/wp-json\/wp\/v2\/posts\/8972100\/revisions\/8972102"}],"wp:attachment":[{"href":"https:\/\/www.upo.es\/diario\/wp-json\/wp\/v2\/media?parent=8972100"}],"wp:term":[{"taxonomy":"category","embeddable":true,"href":"https:\/\/www.upo.es\/diario\/wp-json\/wp\/v2\/categories?post=8972100"},{"taxonomy":"post_tag","embeddable":true,"href":"https:\/\/www.upo.es\/diario\/wp-json\/wp\/v2\/tags?post=8972100"}],"curies":[{"name":"wp","href":"https:\/\/api.w.org\/{rel}","templated":true}]}}