{"id":9107189,"date":"2015-03-17T07:00:13","date_gmt":"2015-03-17T07:00:13","guid":{"rendered":"https:\/\/www.upo.es\/diario\/?p=9107189"},"modified":"2015-03-17T07:12:32","modified_gmt":"2015-03-17T07:12:32","slug":"conferencia-en-la-upo-del-secretario-general-de-politica-de-defensa-del-ministerio-de-defensa","status":"publish","type":"post","link":"https:\/\/www.upo.es\/diario\/institucional\/2015\/03\/conferencia-en-la-upo-del-secretario-general-de-politica-de-defensa-del-ministerio-de-defensa\/","title":{"rendered":"Conferencia en la UPO del secretario general de Pol\u00edtica de Defensa del Ministerio de Defensa"},"content":{"rendered":"<figure id=\"attachment_9107190\" aria-describedby=\"caption-attachment-9107190\" style=\"width: 600px\" class=\"wp-caption aligncenter\"><a href=\"https:\/\/www.upo.es\/diario\/wp-content\/uploads\/2015\/03\/confe_defensa1.jpg\"><img loading=\"lazy\" decoding=\"async\" class=\"size-large wp-image-9107190\" alt=\"Alejandro Alvargonz\u00e1lez durante su conferencia\" src=\"https:\/\/www.upo.es\/diario\/wp-content\/uploads\/2015\/03\/confe_defensa1-600x400.jpg\" width=\"600\" height=\"400\" srcset=\"https:\/\/www.upo.es\/diario\/wp-content\/uploads\/2015\/03\/confe_defensa1-600x400.jpg 600w, https:\/\/www.upo.es\/diario\/wp-content\/uploads\/2015\/03\/confe_defensa1-320x213.jpg 320w\" sizes=\"auto, (max-width: 600px) 100vw, 600px\" \/><\/a><figcaption id=\"caption-attachment-9107190\" class=\"wp-caption-text\">Alejandro Alvargonz\u00e1lez durante su conferencia.<\/figcaption><\/figure>\n<p>Ayer lunes tuvo lugar en la Universidad Pablo de Olavide la conferencia de clausura del M\u00e1ster de Relaciones Internacionales, en la que Alejandro Alvargonz\u00e1lez San Mart\u00edn, secretario general de Pol\u00edtica de Defensa del Ministerio de Defensa, disert\u00f3 sobre \u00abEspa\u00f1a ante los nuevos retos de la seguridad global\u00bb.<\/p>\n<p>En la ponencia, Alejandro Alvargonz\u00e1lez ha se\u00f1alado que \u201cno habr\u00e1 una estrategia de seguridad aut\u00e9ntica mientras no cale entre la poblaci\u00f3n una cultura, una conciencia de defensa\u201d en un tiempo plagado de amenazas, y ha abogado por una pol\u00edtica de defensa consensuada, que carezca de inclinaciones ideol\u00f3gicas y que cuente con el apoyo de los ciudadanos.<\/p>\n<p>El secretario general de Pol\u00edtica de Defensa, quien ha desgranado las amenazas del narcotr\u00e1fico, el tr\u00e1fico de seres humanos y el terrorismo en un mundo donde \u201cla conexi\u00f3n entre delincuencia y terrorismo nunca ha sido tan estrecha\u201d, ha subrayado que estas amenazas van dirigidas a los valores democr\u00e1ticos europeos: \u201cEl gran desaf\u00edo del siglo XXI es el del mantenimiento, la expansi\u00f3n y la profundizaci\u00f3n del ideal democr\u00e1tico frente a nuevas potencias emergentes\u201d, para lo que hay que crear estructuras que permitan hacer de Europa un actor global, entre ellas una pol\u00edtica com\u00fan de seguridad y defensa.<\/p>\n<figure id=\"attachment_9107191\" aria-describedby=\"caption-attachment-9107191\" style=\"width: 320px\" class=\"wp-caption alignleft\"><a href=\"https:\/\/www.upo.es\/diario\/wp-content\/uploads\/2015\/03\/confe_defensa.jpg\"><img loading=\"lazy\" decoding=\"async\" class=\"size-medium wp-image-9107191\" alt=\"En la foto, el secretario general de Pol\u00edtica de Defensa junto al decano de Derecho, Andr\u00e9s Rodr\u00edguez Benot, y la directora del m\u00e1ster, la catedr\u00e1tica Luc\u00eda Mill\u00e1n\" src=\"https:\/\/www.upo.es\/diario\/wp-content\/uploads\/2015\/03\/confe_defensa-320x198.jpg\" width=\"320\" height=\"198\" srcset=\"https:\/\/www.upo.es\/diario\/wp-content\/uploads\/2015\/03\/confe_defensa-320x198.jpg 320w, https:\/\/www.upo.es\/diario\/wp-content\/uploads\/2015\/03\/confe_defensa-600x372.jpg 600w\" sizes=\"auto, (max-width: 320px) 100vw, 320px\" \/><\/a><figcaption id=\"caption-attachment-9107191\" class=\"wp-caption-text\">En la foto, el secretario general de Pol\u00edtica de Defensa junto al decano de Derecho, Andr\u00e9s Rodr\u00edguez Benot, y la directora del m\u00e1ster, la catedr\u00e1tica Luc\u00eda Mill\u00e1n.<\/figcaption><\/figure>\n<p>Para Alvargonz\u00e1lez, Espa\u00f1a, \u201cpuente entre dos formas de pensar\u201d, con una posici\u00f3n geoestrat\u00e9gica definitiva, \u201cest\u00e1 obligada a participar en el dise\u00f1o del futuro si quiere ser due\u00f1a de su propio destino\u201d, por lo que tiene que seguir colaborando en la construcci\u00f3n de una pol\u00edtica de defensa europea frente a las amenazas crecientes.<\/p>\n<p>El M\u00e1ster en Relaciones Internacionales es un postgrado oficial interuniversitario de la Universidad Internacional de Andaluc\u00eda y la Universidad Pablo de Olavide de Sevilla, de car\u00e1cter multidisciplinar, que integra el conocimiento sobre relaciones internacionales y el estudio de la sociedad internacional desde la perspectiva hist\u00f3rica, econ\u00f3mica, pol\u00edtica, jur\u00eddica y sociocultural, en la que se desarrollan las citadas relaciones internacionales. El m\u00e1ster est\u00e1 coordinado en la UPO por los profesores Luc\u00eda Mill\u00e1n Moro y Jonathan Pass.<\/p>\n","protected":false},"excerpt":{"rendered":"<p>Ayer lunes tuvo lugar en la Universidad Pablo de Olavide la conferencia de clausura del M\u00e1ster de Relaciones Internacionales, en la que Alejandro Alvargonz\u00e1lez San Mart\u00edn, secretario general de Pol\u00edtica de Defensa del Ministerio de Defensa, disert\u00f3 sobre \u00abEspa\u00f1a ante los nuevos retos de la seguridad global\u00bb.<\/p>\n","protected":false},"author":2,"featured_media":0,"comment_status":"closed","ping_status":"open","sticky":false,"template":"","format":"standard","meta":{"_monsterinsights_skip_tracking":false,"_monsterinsights_sitenote_active":false,"_monsterinsights_sitenote_note":"","_monsterinsights_sitenote_category":0,"footnotes":""},"categories":[6],"tags":[227,2247,2248,483],"class_list":["post-9107189","post","type-post","status-publish","format-standard","hentry","category-institucional","tag-conferencia","tag-master-de-relaciones-internacionales","tag-ministerio-de-defensa","tag-seguridad"],"_links":{"self":[{"href":"https:\/\/www.upo.es\/diario\/wp-json\/wp\/v2\/posts\/9107189","targetHints":{"allow":["GET"]}}],"collection":[{"href":"https:\/\/www.upo.es\/diario\/wp-json\/wp\/v2\/posts"}],"about":[{"href":"https:\/\/www.upo.es\/diario\/wp-json\/wp\/v2\/types\/post"}],"author":[{"embeddable":true,"href":"https:\/\/www.upo.es\/diario\/wp-json\/wp\/v2\/users\/2"}],"replies":[{"embeddable":true,"href":"https:\/\/www.upo.es\/diario\/wp-json\/wp\/v2\/comments?post=9107189"}],"version-history":[{"count":4,"href":"https:\/\/www.upo.es\/diario\/wp-json\/wp\/v2\/posts\/9107189\/revisions"}],"predecessor-version":[{"id":9123035,"href":"https:\/\/www.upo.es\/diario\/wp-json\/wp\/v2\/posts\/9107189\/revisions\/9123035"}],"wp:attachment":[{"href":"https:\/\/www.upo.es\/diario\/wp-json\/wp\/v2\/media?parent=9107189"}],"wp:term":[{"taxonomy":"category","embeddable":true,"href":"https:\/\/www.upo.es\/diario\/wp-json\/wp\/v2\/categories?post=9107189"},{"taxonomy":"post_tag","embeddable":true,"href":"https:\/\/www.upo.es\/diario\/wp-json\/wp\/v2\/tags?post=9107189"}],"curies":[{"name":"wp","href":"https:\/\/api.w.org\/{rel}","templated":true}]}}