{"id":911667,"date":"2013-05-21T11:41:40","date_gmt":"2013-05-21T11:41:40","guid":{"rendered":"https:\/\/www.upo.es\/diario\/?p=911667"},"modified":"2013-05-23T13:59:03","modified_gmt":"2013-05-23T13:59:03","slug":"convocada-la-quinta-edicion-del-premio-del-foro-de-los-consejos-sociales-de-las-universidades-publicas-andaluzas","status":"publish","type":"post","link":"https:\/\/www.upo.es\/diario\/infoupo\/2013\/05\/convocada-la-quinta-edicion-del-premio-del-foro-de-los-consejos-sociales-de-las-universidades-publicas-andaluzas\/","title":{"rendered":"Convocada la quinta edici\u00f3n del premio del Foro de los Consejos Sociales de las universidades p\u00fablicas andaluzas"},"content":{"rendered":"<p>El Foro de los Consejos Sociales de las Universidades P\u00fablicas de Andaluc\u00eda, dentro de su programa de actuaciones, ha convocado la quinta edici\u00f3n del premio \u201cImplicaci\u00f3n Social en las Universidades P\u00fablicas de Andaluc\u00eda\u201d. Este premio persigue reconocer las \u201cbuenas pr\u00e1cticas\u201d de colaboraci\u00f3n entre las Universidades Andaluzas y las Empresas, y otros organismos p\u00fablicos y privados de su entorno. En concreto proyectos o programas relacionados con la transferencia a la sociedad del desarrollo cient\u00edfico, la creatividad y la cultura empresarial del entorno universitario, y las acciones de colaboraci\u00f3n Universidad-Sociedad como motor de desarrollo tecnol\u00f3gico y del progreso social.<\/p>\n<p>Estas pr\u00e1cticas o experiencias deber\u00e1n estar finalizadas o materializadas en el periodo 2012-2013 y desarrolladas en el \u00e1mbito de Andaluc\u00eda. Las candidaturas pueden presentarse hasta el 15 de julio de 2013 en las diferentes sedes de los Consejos Sociales de las Universidades P\u00fablicas Andaluzas. El fallo ser\u00e1 antes del 30 de octubre de 2013 y el Premio consistir\u00e1 en un diploma, un sello, acciones de marketing y p\u00e1ginas webs institucionales de la entidad, adem\u00e1s de una escultura conmemorativa de la concesi\u00f3n.<\/p>\n<p>M\u00e1s informaci\u00f3n y bases de la convocatoria: <a href=\"http:\/\/www.upo.es\/consejosocial\/\">www.upo.es\/consejosocial<\/a><\/p>\n","protected":false},"excerpt":{"rendered":"<p>El Foro de los Consejos Sociales de las Universidades P\u00fablicas de Andaluc\u00eda ha convocado la quinta edici\u00f3n del premio \u201cImplicaci\u00f3n Social en las Universidades P\u00fablicas de Andaluc\u00eda\u201d. Este premio persigue reconocer las \u201cbuenas pr\u00e1cticas\u201d de colaboraci\u00f3n entre las Universidades Andaluzas y las Empresas, y otros organismos p\u00fablicos y privados de su entorno.<\/p>\n","protected":false},"author":6,"featured_media":0,"comment_status":"closed","ping_status":"open","sticky":false,"template":"","format":"standard","meta":{"_monsterinsights_skip_tracking":false,"_monsterinsights_sitenote_active":false,"_monsterinsights_sitenote_note":"","_monsterinsights_sitenote_category":0,"footnotes":""},"categories":[5,6],"tags":[190,112,66,58,39],"class_list":["post-911667","post","type-post","status-publish","format-standard","hentry","category-infoupo","category-institucional","tag-andalucia","tag-consejo-social","tag-empresa","tag-premio","tag-universidades"],"_links":{"self":[{"href":"https:\/\/www.upo.es\/diario\/wp-json\/wp\/v2\/posts\/911667","targetHints":{"allow":["GET"]}}],"collection":[{"href":"https:\/\/www.upo.es\/diario\/wp-json\/wp\/v2\/posts"}],"about":[{"href":"https:\/\/www.upo.es\/diario\/wp-json\/wp\/v2\/types\/post"}],"author":[{"embeddable":true,"href":"https:\/\/www.upo.es\/diario\/wp-json\/wp\/v2\/users\/6"}],"replies":[{"embeddable":true,"href":"https:\/\/www.upo.es\/diario\/wp-json\/wp\/v2\/comments?post=911667"}],"version-history":[{"count":5,"href":"https:\/\/www.upo.es\/diario\/wp-json\/wp\/v2\/posts\/911667\/revisions"}],"predecessor-version":[{"id":911839,"href":"https:\/\/www.upo.es\/diario\/wp-json\/wp\/v2\/posts\/911667\/revisions\/911839"}],"wp:attachment":[{"href":"https:\/\/www.upo.es\/diario\/wp-json\/wp\/v2\/media?parent=911667"}],"wp:term":[{"taxonomy":"category","embeddable":true,"href":"https:\/\/www.upo.es\/diario\/wp-json\/wp\/v2\/categories?post=911667"},{"taxonomy":"post_tag","embeddable":true,"href":"https:\/\/www.upo.es\/diario\/wp-json\/wp\/v2\/tags?post=911667"}],"curies":[{"name":"wp","href":"https:\/\/api.w.org\/{rel}","templated":true}]}}