{"id":911840,"date":"2013-05-22T05:45:01","date_gmt":"2013-05-22T05:45:01","guid":{"rendered":"https:\/\/www.upo.es\/diario\/?p=911840"},"modified":"2013-05-22T10:11:53","modified_gmt":"2013-05-22T10:11:53","slug":"unas-jornadas-analizan-manana-las-salidas-profesionales-para-estudiantes-de-humanidades","status":"publish","type":"post","link":"https:\/\/www.upo.es\/diario\/institucional\/2013\/05\/unas-jornadas-analizan-manana-las-salidas-profesionales-para-estudiantes-de-humanidades\/","title":{"rendered":"Unas jornadas analizan hoy las salidas profesionales para estudiantes de Humanidades"},"content":{"rendered":"<figure id=\"attachment_915689\" aria-describedby=\"caption-attachment-915689\" style=\"width: 320px\" class=\"wp-caption alignright\"><a href=\"https:\/\/www.upo.es\/diario\/wp-content\/uploads\/2013\/05\/jsalidasprof_humanidades.jpg\"><img loading=\"lazy\" decoding=\"async\" class=\"size-medium wp-image-915689\" alt=\"De izquierda a derecha, Elisa Calvo, Jos\u00e9 Miguel Mart\u00edn y Mari\u00e1n Mor\u00f3n.\" src=\"https:\/\/www.upo.es\/diario\/wp-content\/uploads\/2013\/05\/jsalidasprof_humanidades-320x213.jpg\" width=\"320\" height=\"213\" srcset=\"https:\/\/www.upo.es\/diario\/wp-content\/uploads\/2013\/05\/jsalidasprof_humanidades-320x213.jpg 320w, https:\/\/www.upo.es\/diario\/wp-content\/uploads\/2013\/05\/jsalidasprof_humanidades-1024x682.jpg 1024w, https:\/\/www.upo.es\/diario\/wp-content\/uploads\/2013\/05\/jsalidasprof_humanidades-600x400.jpg 600w\" sizes=\"auto, (max-width: 320px) 100vw, 320px\" \/><\/a><figcaption id=\"caption-attachment-915689\" class=\"wp-caption-text\">De izquierda a derecha, Elisa Calvo, Jos\u00e9 Miguel Mart\u00edn y Mari\u00e1n Mor\u00f3n.<\/figcaption><\/figure>\n<p>Hoy mi\u00e9rcoles 22 de mayo se han celebrado en la Universidad Pablo de Olavide las \u201cII Jornadas de Orientaci\u00f3n e Inserci\u00f3n Profesional de la Facultad de Humanidades\u201d, que han sido inauguradas por el decano de dicha facultad, Jos\u00e9 Miguel Mart\u00edn Mart\u00edn. El decano ha estado acompa\u00f1ado por la vicedecana de Gesti\u00f3n Acad\u00e9mica Elisa Calvo Encinas y por la vicedecana de Relaciones Externas y Comunicaci\u00f3n Mari\u00e1n Mor\u00f3n Mart\u00edn.<\/p>\n<p>En estas jornadas, organizadas por la Facultad de Humanidades con la colaboraci\u00f3n del <a href=\"http:\/\/www.fundaciones.upo.es\/web\/fundacion-universidad-sociedad\/orientacion-profesional\">Servicio de Orientaci\u00f3n Profesional de la Fundaci\u00f3n Universidad-Sociedad<\/a>, se exponen las distintas alternativas que permiten a los egresados de estas titulaciones incorporarse al mercado laboral y se abordan en profundidad las opciones que tienen estos estudiantes, m\u00e1s all\u00e1 de las conocidas oposiciones o el autoempleo.<\/p>\n<p>Las jornadas est\u00e1n dirigidas a todos los estudiantes, egresados y demandantes de empleo de las distintas titulaciones de Humanidades, as\u00ed como a todas aquellas personas que est\u00e9n interesadas en este sector para desarrollar su actividad profesional.<\/p>\n<p>&nbsp;<\/p>\n<p align=\"center\"><b>PROGRAMA<\/b><\/p>\n<p align=\"center\"><b>\u201cII Jornadas de Orientaci\u00f3n e Inserci\u00f3n Profesional de la Facultad de Humanidades\u201d<\/b><\/p>\n<p align=\"center\"><b>Mi\u00e9rcoles 22 de mayo <\/b><\/p>\n<p align=\"center\"><b>Aula 1. Edificio 10<\/b><\/p>\n<p align=\"center\"><b>Universidad Pablo de Olavide<\/b><\/p>\n<p><b>\u00a0<\/b><\/p>\n<p><b>9:30-9:45 <\/b>Inauguraci\u00f3n de las Jornadas<\/p>\n<p>Jos\u00e9 Miguel Mart\u00edn Mart\u00edn (Decano de la Facultad de Humanidades)<\/p>\n<p><b>\u00a0<\/b><\/p>\n<p><b>9:45-10:45 <\/b>Estrategias para la b\u00fasqueda de empleo<\/p>\n<p>Fundaci\u00f3n Universidad y Sociedad de la Universidad Pablo de Olavide<\/p>\n<p><b>\u00a0<\/b><\/p>\n<p><b>10:45 -12:30 <\/b>Salidas profesionales para los egresados en Humanidades<\/p>\n<p>Participantes:<\/p>\n<p>\u00c1ngel Delgado V\u00e1zquez (Biblioteca)<\/p>\n<p>Fernando Quiles Garc\u00eda (Redes Sociales y Humanidades)<\/p>\n<p>Jos\u00e9 Luis Belmonte Postigo (Profesor en la UPO)<\/p>\n<p>Alberto Marina Castillo (Edici\u00f3n)<\/p>\n<p>Gloria Morej\u00f3n Fern\u00e1ndez (Relaciones Internacionales de la UPO)<\/p>\n<p>Jes\u00fas Jurado Est\u00e9vez(Ge\u00f3grafo)<\/p>\n<p>Inmaculada Villa-Gil (Estudiante de Postgrado de la UPO)<\/p>\n<p>&nbsp;<\/p>\n<p>V\u00eddeos: Egresados de la Facultad de Humanidades por el mundo<\/p>\n<p><b>\u00a0<\/b><\/p>\n<p><b>12:30- 12:45 <\/b>Descanso<\/p>\n<p><b>\u00a0<\/b><\/p>\n<p><b>12:45 -14:30 <\/b>Salidas profesionales para los egresados en Traducci\u00f3n e Interpretaci\u00f3n<\/p>\n<p>Participantes:<\/p>\n<p>Olli Carreira (Traductor aut\u00f3nomo)<\/p>\n<p>Eugenia Arr\u00e9s(Traductora aut\u00f3noma)<\/p>\n<p>Rub\u00e9n Tineo (T\u00e9cnico de Comercio Exterior)<\/p>\n<p>Cristina Fandi\u00f1o (Docente)<\/p>\n<p>&nbsp;<\/p>\n<p>V\u00eddeos: Egresados de la Facultad de Humanidades por el mundo<\/p>\n<p><b>\u00a0<\/b><\/p>\n<p>&nbsp;<\/p>\n","protected":false},"excerpt":{"rendered":"<p>Hoy mi\u00e9rcoles 22 de mayo se han celebrado en la Universidad Pablo de Olavide las \u201cII Jornadas de Orientaci\u00f3n e Inserci\u00f3n Profesional de la Facultad de Humanidades\u201d, que han sido inauguradas por el decano de dicha facultad, Jos\u00e9 Miguel Mart\u00edn Mart\u00edn. El decano ha estado acompa\u00f1ado por la vicedecana de Gesti\u00f3n Acad\u00e9mica Elisa Calvo Encinas y por la vicedecana de Relaciones Externas y Comunicaci\u00f3n Mari\u00e1n Mor\u00f3n Mart\u00edn.<\/p>\n","protected":false},"author":2,"featured_media":0,"comment_status":"closed","ping_status":"open","sticky":false,"template":"","format":"standard","meta":{"_monsterinsights_skip_tracking":false,"_monsterinsights_sitenote_active":false,"_monsterinsights_sitenote_note":"","_monsterinsights_sitenote_category":0,"footnotes":""},"categories":[6],"tags":[21,96,132,84,391],"class_list":["post-911840","post","type-post","status-publish","format-standard","hentry","category-institucional","tag-estudiantes","tag-facultad-de-humanidades","tag-humanidades","tag-jornadas","tag-salidas-profesionales"],"_links":{"self":[{"href":"https:\/\/www.upo.es\/diario\/wp-json\/wp\/v2\/posts\/911840","targetHints":{"allow":["GET"]}}],"collection":[{"href":"https:\/\/www.upo.es\/diario\/wp-json\/wp\/v2\/posts"}],"about":[{"href":"https:\/\/www.upo.es\/diario\/wp-json\/wp\/v2\/types\/post"}],"author":[{"embeddable":true,"href":"https:\/\/www.upo.es\/diario\/wp-json\/wp\/v2\/users\/2"}],"replies":[{"embeddable":true,"href":"https:\/\/www.upo.es\/diario\/wp-json\/wp\/v2\/comments?post=911840"}],"version-history":[{"count":6,"href":"https:\/\/www.upo.es\/diario\/wp-json\/wp\/v2\/posts\/911840\/revisions"}],"predecessor-version":[{"id":915691,"href":"https:\/\/www.upo.es\/diario\/wp-json\/wp\/v2\/posts\/911840\/revisions\/915691"}],"wp:attachment":[{"href":"https:\/\/www.upo.es\/diario\/wp-json\/wp\/v2\/media?parent=911840"}],"wp:term":[{"taxonomy":"category","embeddable":true,"href":"https:\/\/www.upo.es\/diario\/wp-json\/wp\/v2\/categories?post=911840"},{"taxonomy":"post_tag","embeddable":true,"href":"https:\/\/www.upo.es\/diario\/wp-json\/wp\/v2\/tags?post=911840"}],"curies":[{"name":"wp","href":"https:\/\/api.w.org\/{rel}","templated":true}]}}