{"id":911846,"date":"2013-05-22T00:50:03","date_gmt":"2013-05-22T00:50:03","guid":{"rendered":"https:\/\/www.upo.es\/diario\/?p=911846"},"modified":"2013-05-22T12:12:01","modified_gmt":"2013-05-22T12:12:01","slug":"la-universidad-pablo-de-olavide-celebra-manana-la-jornada-de-puertas-abiertas-de-los-estudios-de-postgrado","status":"publish","type":"post","link":"https:\/\/www.upo.es\/diario\/institucional\/2013\/05\/la-universidad-pablo-de-olavide-celebra-manana-la-jornada-de-puertas-abiertas-de-los-estudios-de-postgrado\/","title":{"rendered":"La Universidad Pablo de Olavide celebra hoy la Jornada de Puertas Abiertas de los Estudios de Postgrado"},"content":{"rendered":"<figure id=\"attachment_912032\" aria-describedby=\"caption-attachment-912032\" style=\"width: 320px\" class=\"wp-caption alignright\"><a href=\"https:\/\/www.upo.es\/diario\/wp-content\/uploads\/2013\/05\/Puertas-Abiertas-Postgrado.jpg\"><img loading=\"lazy\" decoding=\"async\" class=\"size-medium wp-image-912032\" alt=\"Jornada de Puertas Abiertas\" src=\"https:\/\/www.upo.es\/diario\/wp-content\/uploads\/2013\/05\/Puertas-Abiertas-Postgrado-320x226.jpg\" width=\"320\" height=\"226\" srcset=\"https:\/\/www.upo.es\/diario\/wp-content\/uploads\/2013\/05\/Puertas-Abiertas-Postgrado-320x226.jpg 320w, https:\/\/www.upo.es\/diario\/wp-content\/uploads\/2013\/05\/Puertas-Abiertas-Postgrado-1024x723.jpg 1024w, https:\/\/www.upo.es\/diario\/wp-content\/uploads\/2013\/05\/Puertas-Abiertas-Postgrado-600x424.jpg 600w\" sizes=\"auto, (max-width: 320px) 100vw, 320px\" \/><\/a><figcaption id=\"caption-attachment-912032\" class=\"wp-caption-text\">Para informar sobre la oferta de postgrado se instalar\u00e1n unas mesas informativas en el vest\u00edbulo principal de la Biblioteca de 9 a 18 horas<\/figcaption><\/figure>\n<p>\u00bfQu\u00e9 hacer despu\u00e9s de obtener un grado o una licenciatura?, \u00bfc\u00f3mo competir en el mercado de trabajo?, \u00bfc\u00f3mo acceder a la carrera de investigador?, \u00bfqu\u00e9 posibilidades tengo de obtener una beca? \u00c9stas son algunas de las preguntas a las que los estudiantes tratan de responder una vez que finalizan sus estudios para orientar su carrera profesional.<\/p>\n<p>Para resolver este tipo de dudas, la Universidad Pablo de Olavide, a trav\u00e9s del Vicerrectorado de Postgrado, Formaci\u00f3n Permanente y Empleo, celebra a lo largo del d\u00eda de hoy una Jornada de Puertas Abiertas de los Estudios de Postgrado, dirigidas a aquellas personas que quieran ampliar sus estudios y recibir una formaci\u00f3n especializada en los m\u00e1s de 100 programas de postgrado que la UPO oferta anualmente.<\/p>\n<p>Para ello, de 9 a 18 horas se instalar\u00e1n unas mesas informativas en el vest\u00edbulo principal de la biblioteca, que ser\u00e1n atendidas por profesionales cuya funci\u00f3n ser\u00e1 responder a las consultas que los estudiantes necesiten plantearles para poder ampliar sus conocimientos al respecto.<\/p>\n<p>A las 13 horas tendr\u00e1 lugar un acto de presentaci\u00f3n de la oferta de programas de postgrado de la UPO, a cargo del vicerrector de Postgrado, Formaci\u00f3n Permanente y Empleo, Miguel \u00c1ngel Gual Font. En dicho acto, se ofrecer\u00e1 tambi\u00e9n informaci\u00f3n sobre las posibilidades de becas y ayudas que existen en la actualidad en este tipo de estudios.<\/p>\n<p>Como novedad, los interesados tendr\u00e1n la oportunidad de entrevistarse personalmente con los responsables del programa formativo que m\u00e1s les interese -mediante cita previa-, quienes ser\u00e1n los encargados de resolver las dudas que les sean planteadas, as\u00ed como de orientar a los estudiantes sobre las posibles salidas profesionales del curso elegido.<\/p>\n<p>En la actualidad, estudiantes de m\u00e1s de 30 pa\u00edses diferentes vienen a estudiar cada a\u00f1o un postgrado a la Universidad Pablo de Olavide.<\/p>\n<p>&nbsp;<\/p>\n","protected":false},"excerpt":{"rendered":"<p>La Universidad Pablo de Olavide, a trav\u00e9s del Vicerrectorado de Postgrado, Formaci\u00f3n Permanente y Empleo, celebra a lo largo del d\u00eda de hoy una Jornada de Puertas Abiertas de los Estudios de Postgrado, dirigidas a aquellas personas que quieran ampliar sus estudios y recibir una formaci\u00f3n especializada en los m\u00e1s de 100 programas de postgrado que la UPO oferta anualmente.<\/p>\n","protected":false},"author":6,"featured_media":0,"comment_status":"closed","ping_status":"open","sticky":false,"template":"","format":"standard","meta":{"_monsterinsights_skip_tracking":false,"_monsterinsights_sitenote_active":false,"_monsterinsights_sitenote_note":"","_monsterinsights_sitenote_category":0,"footnotes":""},"categories":[6],"tags":[438,609,21,328,514,118,82,376],"class_list":["post-911846","post","type-post","status-publish","format-standard","hentry","category-institucional","tag-empleo","tag-especializacion","tag-estudiantes","tag-formacion-permanente","tag-jornada","tag-master","tag-postgrado","tag-puertas-abiertas"],"_links":{"self":[{"href":"https:\/\/www.upo.es\/diario\/wp-json\/wp\/v2\/posts\/911846","targetHints":{"allow":["GET"]}}],"collection":[{"href":"https:\/\/www.upo.es\/diario\/wp-json\/wp\/v2\/posts"}],"about":[{"href":"https:\/\/www.upo.es\/diario\/wp-json\/wp\/v2\/types\/post"}],"author":[{"embeddable":true,"href":"https:\/\/www.upo.es\/diario\/wp-json\/wp\/v2\/users\/6"}],"replies":[{"embeddable":true,"href":"https:\/\/www.upo.es\/diario\/wp-json\/wp\/v2\/comments?post=911846"}],"version-history":[{"count":6,"href":"https:\/\/www.upo.es\/diario\/wp-json\/wp\/v2\/posts\/911846\/revisions"}],"predecessor-version":[{"id":912038,"href":"https:\/\/www.upo.es\/diario\/wp-json\/wp\/v2\/posts\/911846\/revisions\/912038"}],"wp:attachment":[{"href":"https:\/\/www.upo.es\/diario\/wp-json\/wp\/v2\/media?parent=911846"}],"wp:term":[{"taxonomy":"category","embeddable":true,"href":"https:\/\/www.upo.es\/diario\/wp-json\/wp\/v2\/categories?post=911846"},{"taxonomy":"post_tag","embeddable":true,"href":"https:\/\/www.upo.es\/diario\/wp-json\/wp\/v2\/tags?post=911846"}],"curies":[{"name":"wp","href":"https:\/\/api.w.org\/{rel}","templated":true}]}}