{"id":9145095,"date":"2015-03-18T06:18:22","date_gmt":"2015-03-18T06:18:22","guid":{"rendered":"https:\/\/www.upo.es\/diario\/?p=9145095"},"modified":"2015-03-18T08:25:43","modified_gmt":"2015-03-18T08:25:43","slug":"iv-seminario-transformaciones-en-la-esclavitud-en-el-mundo-hispanico-organizado-por-la-upo-y-la-eeha","status":"publish","type":"post","link":"https:\/\/www.upo.es\/diario\/institucional\/2015\/03\/iv-seminario-transformaciones-en-la-esclavitud-en-el-mundo-hispanico-organizado-por-la-upo-y-la-eeha\/","title":{"rendered":"IV Seminario \u201cTransformaciones en la esclavitud en el mundo hisp\u00e1nico\u201d organizado por la UPO y la EEHA"},"content":{"rendered":"<figure id=\"attachment_9145096\" aria-describedby=\"caption-attachment-9145096\" style=\"width: 320px\" class=\"wp-caption alignright\"><img loading=\"lazy\" decoding=\"async\" class=\"size-full wp-image-9145096\" alt=\"ilustraci\u00f3n de esclavos en Am\u00e9rica colonial\" src=\"https:\/\/www.upo.es\/diario\/wp-content\/uploads\/2015\/03\/esclavitud-seminario.jpg\" width=\"320\" height=\"231\" \/><figcaption id=\"caption-attachment-9145096\" class=\"wp-caption-text\">El IV Seminario Transformaciones en la esclavitud en el mundo hisp\u00e1nico\u201d se celebra en la EEHA<\/figcaption><\/figure>\n<p>Hasta el pr\u00f3ximo viernes 20 de marzo se celebra en la Escuela de Estudios Hispanoamericanos del CSIC el IV Seminario \u201cTransformaciones en la esclavitud en el mundo hisp\u00e1nico\u201d, organizado por el \u00c1rea de Historia de Am\u00e9rica de la Universidad Pablo de Olavide y la EEHA, y coordinado por los profesores de la UPO Juan Marchena Fern\u00e1ndez y Jos\u00e9 Luis Belmonte Postigo. Todas las ponencias tendr\u00e1n lugar en la sala Calder\u00f3n Quijano.<\/p>\n<p><strong>Hoy mi\u00e9rcoles, a las 10 horas, el profesor de la Universidad Pablo de Olavide Jos\u00e9 Luis Belmonte Postigo ofrecer\u00e1 la ponencia \u201cProcesos de etnog\u00e9nesis y etnopol\u00edtica en la frontera de Santo Domingo 1768-1795\u201d<\/strong>.<\/p>\n<p><strong>Ma\u00f1ana jueves<\/strong>, a las 10 horas, en el mismo lugar, el profesor de la Universidad de Barcelona Francisco Javier Lavi\u00f1a G\u00f3mez ofrecer\u00e1 la disertaci\u00f3n \u201cDe esclavos a s\u00fabditos. El caso de Santiago del Pr\u00edncipe\u201d. Finalmente, <strong>el viernes 20 de marzo<\/strong>, a las 10 horas, el profesor de la UPO Juan Marchena Fern\u00e1ndez hablar\u00e1 sobre \u201cLa voz de los esclavizados en la sociedad colonial\u201d.<\/p>\n<p>Previamente, esta semana, se han celebrado las ponencias \u201cLas transformaciones de la servidumbre en la Europa de los siglos IV al X. Del servus al esclavo\u201d, que tuvo lugar ayer martes a cargo del profesor de la Universidad Pablo de Olavide, Jos\u00e9 Mar\u00eda Miura Andrades, y \u201cNegocios y procesos sociales en torno a la esclavitud del siglo XVI\u201d, que fue impartida el lunes por los profesores de la Universidad de Sevilla Manuel Fern\u00e1ndez Chaves Y Rafael P\u00e9rez Garc\u00eda.<\/p>\n","protected":false},"excerpt":{"rendered":"<p>Hasta el pr\u00f3ximo viernes 20 de marzo se celebra en la Escuela de Estudios Hispanoamericanos del CSIC el IV Seminario \u201cTransformaciones en la esclavitud en el mundo hisp\u00e1nico\u201d. Hoy mi\u00e9rcoles, el profesor de la Universidad Pablo de Olavide Jos\u00e9 Luis Belmonte Postigo ofrecer\u00e1 la ponencia \u201cProcesos de etnog\u00e9nesis y etnopol\u00edtica en la frontera de Santo Domingo 1768-1795\u201d.<\/p>\n","protected":false},"author":6,"featured_media":0,"comment_status":"closed","ping_status":"open","sticky":false,"template":"","format":"standard","meta":{"_monsterinsights_skip_tracking":false,"_monsterinsights_sitenote_active":false,"_monsterinsights_sitenote_note":"","_monsterinsights_sitenote_category":0,"footnotes":""},"categories":[6],"tags":[227,45,1113,1037,150,1114,78],"class_list":["post-9145095","post","type-post","status-publish","format-standard","hentry","category-institucional","tag-conferencia","tag-csic","tag-eeha","tag-escuela-de-estudios-hispano-americanos","tag-historia","tag-historia-de-america","tag-seminario"],"_links":{"self":[{"href":"https:\/\/www.upo.es\/diario\/wp-json\/wp\/v2\/posts\/9145095","targetHints":{"allow":["GET"]}}],"collection":[{"href":"https:\/\/www.upo.es\/diario\/wp-json\/wp\/v2\/posts"}],"about":[{"href":"https:\/\/www.upo.es\/diario\/wp-json\/wp\/v2\/types\/post"}],"author":[{"embeddable":true,"href":"https:\/\/www.upo.es\/diario\/wp-json\/wp\/v2\/users\/6"}],"replies":[{"embeddable":true,"href":"https:\/\/www.upo.es\/diario\/wp-json\/wp\/v2\/comments?post=9145095"}],"version-history":[{"count":1,"href":"https:\/\/www.upo.es\/diario\/wp-json\/wp\/v2\/posts\/9145095\/revisions"}],"predecessor-version":[{"id":9145097,"href":"https:\/\/www.upo.es\/diario\/wp-json\/wp\/v2\/posts\/9145095\/revisions\/9145097"}],"wp:attachment":[{"href":"https:\/\/www.upo.es\/diario\/wp-json\/wp\/v2\/media?parent=9145095"}],"wp:term":[{"taxonomy":"category","embeddable":true,"href":"https:\/\/www.upo.es\/diario\/wp-json\/wp\/v2\/categories?post=9145095"},{"taxonomy":"post_tag","embeddable":true,"href":"https:\/\/www.upo.es\/diario\/wp-json\/wp\/v2\/tags?post=9145095"}],"curies":[{"name":"wp","href":"https:\/\/api.w.org\/{rel}","templated":true}]}}