{"id":9149564,"date":"2015-03-19T06:59:44","date_gmt":"2015-03-19T06:59:44","guid":{"rendered":"https:\/\/www.upo.es\/diario\/?p=9149564"},"modified":"2015-03-19T07:17:47","modified_gmt":"2015-03-19T07:17:47","slug":"manana-seminario-propiedad-intelectual-y-nuevas-tecnologias-los-contratos-informaticos","status":"publish","type":"post","link":"https:\/\/www.upo.es\/diario\/institucional\/2015\/03\/manana-seminario-propiedad-intelectual-y-nuevas-tecnologias-los-contratos-informaticos\/","title":{"rendered":"Hoy, seminario \u201cPropiedad Intelectual y Nuevas Tecnolog\u00edas: los contratos inform\u00e1ticos\u201d"},"content":{"rendered":"<p>La Universidad Pablo de Olavide celebra hoy\u00a0<strong>jueves 19 de marzo, a las 19.30 horas en la sala de juntas del edificio 3<\/strong>, primera planta el seminario<em> \u201cPropiedad Intelectual y Nuevas Tecnolog\u00edas: especial referencia a los contratos inform\u00e1ticos\u00bb<\/em>, organizado por la Comisi\u00f3n Acad\u00e9mica del <strong>M\u00e1ster Oficial en Derecho de las Nuevas Tecnolog\u00edas<\/strong>.<\/p>\n<p>El seminario,<strong> impartido por Augusto Mart\u00edn Carrascal y Fernando Jim\u00e9nez Colorado<\/strong>, del Departamento de Derecho Mercantil, \u00e1rea de Propiedad Intelectual\/Industrial y Nuevas Tecnolog\u00edas de Cuatrecasas, Gon\u00e7alves Pereira, Olivencia-Ballester, cuenta con la colaboraci\u00f3n de la Fundaci\u00f3n Universidad-Sociedad de la UPO y de la Fundaci\u00f3n Cajasol.<\/p>\n<p>El M\u00e1ster Oficial en Derecho de las Nuevas Tecnolog\u00edas est\u00e1 dirigido por Agust\u00edn Madrid Parra. La subdirecci\u00f3n est\u00e1 a cargo de Luc\u00eda Alvarado Herrera, la coordinaci\u00f3n es de \u00c1ngela M\u00aa P\u00e9rez Rodr\u00edguez, y el responsable de Calidad es Jes\u00fas Ramos Prieto.<\/p>\n","protected":false},"excerpt":{"rendered":"<p>\tLa Universidad Pablo de Olavide celebra hoy jueves 19 de marzo, a las 19.30 horas en la sala de juntas del edificio 3, primera planta el seminario \u201c\u00bbPropiedad Intelectual y Nuevas Tecnolog\u00edas: especial referencia a los contratos inform\u00e1ticos\u00bb, organizado por la Comisi\u00f3n Acad\u00e9mica del M\u00e1ster Oficial en Derecho de las Nuevas Tecnolog\u00edas.<\/p>\n","protected":false},"author":6,"featured_media":0,"comment_status":"closed","ping_status":"open","sticky":false,"template":"","format":"standard","meta":{"_monsterinsights_skip_tracking":false,"_monsterinsights_sitenote_active":false,"_monsterinsights_sitenote_note":"","_monsterinsights_sitenote_category":0,"footnotes":""},"categories":[6],"tags":[498,87,392,118,1577,217,78,393],"class_list":["post-9149564","post","type-post","status-publish","format-standard","hentry","category-institucional","tag-contrato","tag-derecho","tag-informatica","tag-master","tag-master-universitario","tag-nuevas-tecnologias","tag-seminario","tag-tics"],"_links":{"self":[{"href":"https:\/\/www.upo.es\/diario\/wp-json\/wp\/v2\/posts\/9149564","targetHints":{"allow":["GET"]}}],"collection":[{"href":"https:\/\/www.upo.es\/diario\/wp-json\/wp\/v2\/posts"}],"about":[{"href":"https:\/\/www.upo.es\/diario\/wp-json\/wp\/v2\/types\/post"}],"author":[{"embeddable":true,"href":"https:\/\/www.upo.es\/diario\/wp-json\/wp\/v2\/users\/6"}],"replies":[{"embeddable":true,"href":"https:\/\/www.upo.es\/diario\/wp-json\/wp\/v2\/comments?post=9149564"}],"version-history":[{"count":3,"href":"https:\/\/www.upo.es\/diario\/wp-json\/wp\/v2\/posts\/9149564\/revisions"}],"predecessor-version":[{"id":9165674,"href":"https:\/\/www.upo.es\/diario\/wp-json\/wp\/v2\/posts\/9149564\/revisions\/9165674"}],"wp:attachment":[{"href":"https:\/\/www.upo.es\/diario\/wp-json\/wp\/v2\/media?parent=9149564"}],"wp:term":[{"taxonomy":"category","embeddable":true,"href":"https:\/\/www.upo.es\/diario\/wp-json\/wp\/v2\/categories?post=9149564"},{"taxonomy":"post_tag","embeddable":true,"href":"https:\/\/www.upo.es\/diario\/wp-json\/wp\/v2\/tags?post=9149564"}],"curies":[{"name":"wp","href":"https:\/\/api.w.org\/{rel}","templated":true}]}}