{"id":9151364,"date":"2015-03-19T12:58:24","date_gmt":"2015-03-19T12:58:24","guid":{"rendered":"https:\/\/www.upo.es\/diario\/?p=9151364"},"modified":"2015-03-19T13:33:41","modified_gmt":"2015-03-19T13:33:41","slug":"la-globalizacion-y-el-trabajo-social-tema-de-una-conferencia-manana-en-la-upo","status":"publish","type":"post","link":"https:\/\/www.upo.es\/diario\/institucional\/2015\/03\/la-globalizacion-y-el-trabajo-social-tema-de-una-conferencia-manana-en-la-upo\/","title":{"rendered":"Flavio Marsiglia imparte en la UPO una conferencia sobre la globalizaci\u00f3n y el Trabajo Social"},"content":{"rendered":"<figure id=\"attachment_9171977\" aria-describedby=\"caption-attachment-9171977\" style=\"width: 600px\" class=\"wp-caption aligncenter\"><a href=\"https:\/\/www.upo.es\/diario\/wp-content\/uploads\/2015\/03\/Flavio-Marsiglia04.jpg\"><img loading=\"lazy\" decoding=\"async\" class=\"size-large wp-image-9171977\" alt=\"Flavio Marsiglia\" src=\"https:\/\/www.upo.es\/diario\/wp-content\/uploads\/2015\/03\/Flavio-Marsiglia04-600x348.jpg\" width=\"600\" height=\"348\" srcset=\"https:\/\/www.upo.es\/diario\/wp-content\/uploads\/2015\/03\/Flavio-Marsiglia04-600x348.jpg 600w, https:\/\/www.upo.es\/diario\/wp-content\/uploads\/2015\/03\/Flavio-Marsiglia04-320x186.jpg 320w\" sizes=\"auto, (max-width: 600px) 100vw, 600px\" \/><\/a><figcaption id=\"caption-attachment-9171977\" class=\"wp-caption-text\">Flavio Marsiglia<\/figcaption><\/figure>\n<p>Hoy jueves 19 de marzo, <b>en el aula 7 del edificio 8<\/b> de la Universidad Pablo de Olavide, Flavio Marsiglia ha impartido la conferencia <b>\u2018La globalizaci\u00f3n y el Trabajo Social: cruzando fronteras, el caso de M\u00e9xico y Arizona\u2019<\/b>.<\/p>\n<p><a href=\"https:\/\/webapp4.asu.edu\/directory\/person\/35955\">Flavio Francisco Marsiglia<\/a> ha sido invitado por el Departamento de Trabajo Social y Servicios Sociales de la UPO, con motivo del D\u00eda Mundial del Trabajo Social, que se celebra anualmente el tercer martes de marzo. Catedr\u00e1tico de Trabajo Social de la Universidad Estatal de Arizona, el profesor Marsiglia es tambi\u00e9n director general del <a href=\"https:\/\/sirc.asu.edu\/\">Centro de Investigaci\u00f3n Interdisciplinaria del Suroeste<\/a> (SIRC) de esta universidad. Sus investigaciones se basan principalmente en el estudio de las diferencias en la salud de las minor\u00edas; la salud global; intervenciones para la prevenci\u00f3n en el abuso de drogas y el trabajo social con j\u00f3venes y familias latinas.<\/p>\n","protected":false},"excerpt":{"rendered":"<p>Flavio Francisco Marsiglia ha sido invitado por el Departamento de Trabajo Social y Servicios Sociales de la UPO, con motivo del D\u00eda Mundial del Trabajo Social, que se celebra anualmente el tercer martes de marzo.<\/p>\n","protected":false},"author":6,"featured_media":0,"comment_status":"closed","ping_status":"open","sticky":false,"template":"","format":"standard","meta":{"_monsterinsights_skip_tracking":false,"_monsterinsights_sitenote_active":false,"_monsterinsights_sitenote_note":"","_monsterinsights_sitenote_category":0,"footnotes":""},"categories":[6],"tags":[227,488,1496,2256,286,103],"class_list":["post-9151364","post","type-post","status-publish","format-standard","hentry","category-institucional","tag-conferencia","tag-departamento","tag-estados-unidos","tag-globalizacion","tag-mexico","tag-trabajo-social"],"_links":{"self":[{"href":"https:\/\/www.upo.es\/diario\/wp-json\/wp\/v2\/posts\/9151364","targetHints":{"allow":["GET"]}}],"collection":[{"href":"https:\/\/www.upo.es\/diario\/wp-json\/wp\/v2\/posts"}],"about":[{"href":"https:\/\/www.upo.es\/diario\/wp-json\/wp\/v2\/types\/post"}],"author":[{"embeddable":true,"href":"https:\/\/www.upo.es\/diario\/wp-json\/wp\/v2\/users\/6"}],"replies":[{"embeddable":true,"href":"https:\/\/www.upo.es\/diario\/wp-json\/wp\/v2\/comments?post=9151364"}],"version-history":[{"count":4,"href":"https:\/\/www.upo.es\/diario\/wp-json\/wp\/v2\/posts\/9151364\/revisions"}],"predecessor-version":[{"id":9171978,"href":"https:\/\/www.upo.es\/diario\/wp-json\/wp\/v2\/posts\/9151364\/revisions\/9171978"}],"wp:attachment":[{"href":"https:\/\/www.upo.es\/diario\/wp-json\/wp\/v2\/media?parent=9151364"}],"wp:term":[{"taxonomy":"category","embeddable":true,"href":"https:\/\/www.upo.es\/diario\/wp-json\/wp\/v2\/categories?post=9151364"},{"taxonomy":"post_tag","embeddable":true,"href":"https:\/\/www.upo.es\/diario\/wp-json\/wp\/v2\/tags?post=9151364"}],"curies":[{"name":"wp","href":"https:\/\/api.w.org\/{rel}","templated":true}]}}