{"id":915692,"date":"2013-05-22T08:23:20","date_gmt":"2013-05-22T08:23:20","guid":{"rendered":"https:\/\/www.upo.es\/diario\/?p=915692"},"modified":"2013-05-22T10:33:57","modified_gmt":"2013-05-22T10:33:57","slug":"comunicado-de-la-crue-asfixia-de-la-id-en-espana","status":"publish","type":"post","link":"https:\/\/www.upo.es\/diario\/institucional\/2013\/05\/comunicado-de-la-crue-asfixia-de-la-id-en-espana\/","title":{"rendered":"Comunicado de la CRUE \u201cAsfixia de la I+D en Espa\u00f1a\u201d"},"content":{"rendered":"<p>\u201cLa ciencia puede contribuir a encontrar respuestas para salir de la crisis si se mantiene el esfuerzo inversor en generaci\u00f3n de conocimiento e innovaci\u00f3n\u201d, (seg\u00fan 5 cient\u00edficos galardonados con medallas Field, 48 con Premios Nobel y 130.000 ciudadanos).<\/p>\n<p>En esta misma l\u00ednea, desde la Comisi\u00f3n Sectorial de I+D de la <a href=\"http:\/\/www.crue.org\/\">CRUE<\/a>, llevamos tiempo reivindicando que la inversi\u00f3n en investigaci\u00f3n no debe seguir ciclos econ\u00f3micos.<\/p>\n<p>Todas nuestras voces se han unido llamando a los gobernantes a cambiar las pol\u00edticas de estrangulamiento de la I+D de nuestro pa\u00eds. Desafortunadamente constatamos, al analizar los presupuestos de 2013, que la partida destinada a financiar la I+D sigue adelgazando (7,22% respecto a 2012), situ\u00e1ndonos en niveles de financiaci\u00f3n de 2005. Todo ello mientras observamos que el Ministerio de Hacienda da una vuelta de tuerca m\u00e1s al sistema de I+D, con retrasos incomprensibles en el pago de los mismos, con la cancelaci\u00f3n de subvenciones ya concedidas, alegando, impropiamente, el incumplimiento de los objetivos de contenci\u00f3n del d\u00e9ficit de las CCAA, con demoras en la publicaci\u00f3n de la convocatoria de proyectos correspondiente a 2013 y con la imposici\u00f3n de medidas para la contrataci\u00f3n que est\u00e1n destrozando la carrera de los investigadores j\u00f3venes, que tantos esfuerzos y fondos p\u00fablicos nos ha costado.<\/p>\n<p>Lamentamos y reprobamos la descoordinaci\u00f3n interministerial y la descoordinaci\u00f3n entre el gobierno y las comunidades aut\u00f3nomas en la gesti\u00f3n de la I+D+i estatal. Particularmente, graves son los retrasos injustificables en la publicaci\u00f3n de convocatorias de contrataci\u00f3n de investigadores (programas Ram\u00f3n y Cajal, Juan de la Cierva, Torres Quevedo\u2026) y la alarmante reducci\u00f3n en los programas pre-doctorales. La prosperidad del sistema de ciencia y tecnolog\u00eda de nuestro pa\u00eds depende, fundamentalmente, de los j\u00f3venes investigadores. Personas que, ante la falta de oportunidades y valoraci\u00f3n, abandonan su carrera o su pa\u00eds. Resulta dif\u00edcil captar talento sin ser capaces de retenerlo.<\/p>\n<p>En este panorama desolador, la incomprensible complejidad de los procesos de justificaci\u00f3n de los proyectos de investigaci\u00f3n, por parte de las entidades p\u00fablicas financiadoras y por la necesidad no abordada de modificaci\u00f3n de la ley de subvenciones para adaptarla al sistema nacional de I+D+I, distraen a los investigadores de su labor, oblig\u00e1ndoles a intervenir en auditor\u00edas y recursos que, adicionalmente, est\u00e1n colapsando los sistemas administrativos de gesti\u00f3n de la investigaci\u00f3n y los servicios jur\u00eddicos de las universidades espa\u00f1olas. Todo ello redundando en una disminuci\u00f3n en la eficiencia del sistema nacional de I+D+i, tristemente basado en la desconfianza.<\/p>\n<p>Desconfianza que est\u00e1 en la base del escaso papel que se concede a la universidad, pese a ser donde se genera la mayor parte de la investigaci\u00f3n en nuestro pa\u00eds. Desconfianza y falta de financiaci\u00f3n que dif\u00edcilmente casan con la proliferaci\u00f3n de comisiones y nuevos rankings, en los que, \u201ca cambio de nada\u201d, pretenden que las universidades espa\u00f1olas aparezcamos \u201cpor fin\u201d,\u00a0 entre las 100 primeras del mundo.<\/p>\n<p>Con rotundidad afirmamos que las universidades estamos en la mejor\u00a0 disposici\u00f3n para asumir, con responsabilidad, las necesarias reformas que hagan m\u00e1s competitivo y eficiente el sistema universitario, y m\u00e1s s\u00f3lida y especializada la transmisi\u00f3n y generaci\u00f3n del conocimiento. Para ello es necesario que el gobierno priorice y estabilice la inversi\u00f3n en educaci\u00f3n e I+D+i, dot\u00e1ndola de flexibilidad y desvincul\u00e1ndola de la situaci\u00f3n econ\u00f3mica del momento. Es esencial. El pa\u00eds dif\u00edcilmente puede resistir mucho tiempo si no se rescata con urgencia al sistema de I+D+i y a la ense\u00f1anza superior, sin duda los dos pilares sobre los que se debe apoyar nuestro futuro.<\/p>\n<p>&nbsp;<\/p>\n<p>&nbsp;<\/p>\n","protected":false},"excerpt":{"rendered":"<p>La Conferencia de Rectores de las Universidades Espa\u00f1olas ha elaborado un comunicado bajo el t\u00edtulo \u00abAsfixia de la I+D en Espa\u00f1a\u201d, en el que la instituci\u00f3n considera que \u201cel pa\u00eds dif\u00edcilmente puede resistir mucho tiempo si no se rescata con urgencia al sistema de I+D+i y a la ense\u00f1anza superior\u201d .<\/p>\n","protected":false},"author":2,"featured_media":0,"comment_status":"closed","ping_status":"open","sticky":false,"template":"","format":"standard","meta":{"_monsterinsights_skip_tracking":false,"_monsterinsights_sitenote_active":false,"_monsterinsights_sitenote_note":"","_monsterinsights_sitenote_category":0,"footnotes":""},"categories":[6],"tags":[144,243,610],"class_list":["post-915692","post","type-post","status-publish","format-standard","hentry","category-institucional","tag-crisis","tag-crue","tag-id"],"_links":{"self":[{"href":"https:\/\/www.upo.es\/diario\/wp-json\/wp\/v2\/posts\/915692","targetHints":{"allow":["GET"]}}],"collection":[{"href":"https:\/\/www.upo.es\/diario\/wp-json\/wp\/v2\/posts"}],"about":[{"href":"https:\/\/www.upo.es\/diario\/wp-json\/wp\/v2\/types\/post"}],"author":[{"embeddable":true,"href":"https:\/\/www.upo.es\/diario\/wp-json\/wp\/v2\/users\/2"}],"replies":[{"embeddable":true,"href":"https:\/\/www.upo.es\/diario\/wp-json\/wp\/v2\/comments?post=915692"}],"version-history":[{"count":2,"href":"https:\/\/www.upo.es\/diario\/wp-json\/wp\/v2\/posts\/915692\/revisions"}],"predecessor-version":[{"id":915694,"href":"https:\/\/www.upo.es\/diario\/wp-json\/wp\/v2\/posts\/915692\/revisions\/915694"}],"wp:attachment":[{"href":"https:\/\/www.upo.es\/diario\/wp-json\/wp\/v2\/media?parent=915692"}],"wp:term":[{"taxonomy":"category","embeddable":true,"href":"https:\/\/www.upo.es\/diario\/wp-json\/wp\/v2\/categories?post=915692"},{"taxonomy":"post_tag","embeddable":true,"href":"https:\/\/www.upo.es\/diario\/wp-json\/wp\/v2\/tags?post=915692"}],"curies":[{"name":"wp","href":"https:\/\/api.w.org\/{rel}","templated":true}]}}