{"id":916060,"date":"2013-05-23T06:48:44","date_gmt":"2013-05-23T06:48:44","guid":{"rendered":"https:\/\/www.upo.es\/diario\/?p=916060"},"modified":"2013-05-23T07:14:21","modified_gmt":"2013-05-23T07:14:21","slug":"el-rector-de-la-upo-asiste-manana-a-la-apertura-de-las-iii-jornadas-de-comunicacion-y-justicia","status":"publish","type":"post","link":"https:\/\/www.upo.es\/diario\/institucional\/2013\/05\/el-rector-de-la-upo-asiste-manana-a-la-apertura-de-las-iii-jornadas-de-comunicacion-y-justicia\/","title":{"rendered":"El rector de la UPO asiste hoy a la apertura de las III Jornadas de Comunicaci\u00f3n y Justicia"},"content":{"rendered":"<p>El rector de la UPO asiste hoy jueves, <strong>a las 17 horas en la sede del Instituto Cajasol de Tomares<\/strong>, a la apertura de las III Jornadas de Comunicaci\u00f3n y Justicia, que ser\u00e1n inauguradas por el presidente del Tribunal Supremo y del Consejo General de Poder Judicial, Gonzalo Moliner, junto al alcalde de Tomares, Jos\u00e9 Luis Sanz, el vocal del CGPJ y director del curso, Antonio Dorado Pic\u00f3n, el presidente de la Fundaci\u00f3n Cajasol, Antonio Pulido, y la secretaria de la Universidad de Sevilla, Concepci\u00f3n Horgu\u00e9 Baena.<\/p>\n<p>A continuaci\u00f3n, a las 17.45 horas, tendr\u00e1 lugar la<strong> mesa redonda \u2018Transparencia en la administraci\u00f3n, justicia y juicios paralelos\u2019<\/strong> en la que intervendr\u00e1n el magistrado de la Sala 3\u00aa del Tribunal Supremo, Carlos Lesmes; el presidente de la Audiencia Provincial de Sevilla, Manuel Dami\u00e1n \u00c1lvarez; el magistrado de la Sala Penal de la Audiencia Nacional, Enrique L\u00f3pez, el director de El Mundo Andaluc\u00eda, Francisco Rosell, y el subdirector ABC Sevilla, Manuel Capelo Hern\u00e1ndez.<\/p>\n<p>Las III Jornadas de Comunicaci\u00f3n y Justicia est\u00e1n organizadas por el Ayuntamiento de Tomares y el CGPJ, con la colaboraci\u00f3n del Instituto de Estudios Cajasol y la Universidad Pablo de Olavide de Sevilla.<\/p>\n","protected":false},"excerpt":{"rendered":"<p>El rector de la UPO asiste hoy jueves, a las 17 horas en la sede del Instituto Cajasol de Tomares, a la apertura de las III Jornadas de Comunicaci\u00f3n y Justicia, que ser\u00e1n inauguradas por el presidente del Tribunal Supremo y del Consejo General de Poder Judicial, Gonzalo Moliner, junto al alcalde de Tomares, Jos\u00e9 Luis Sanz, el vocal del CGPJ y director del curso, Antonio Dorado Pic\u00f3n, el presidente de la Fundaci\u00f3n Cajasol, Antonio Pulido, y la secretaria de la Universidad de Sevilla, Concepci\u00f3n Horgu\u00e9 Baena.<\/p>\n","protected":false},"author":2,"featured_media":0,"comment_status":"closed","ping_status":"open","sticky":false,"template":"","format":"standard","meta":{"_monsterinsights_skip_tracking":false,"_monsterinsights_sitenote_active":false,"_monsterinsights_sitenote_note":"","_monsterinsights_sitenote_category":0,"footnotes":""},"categories":[6],"tags":[87,84,613,38,106],"class_list":["post-916060","post","type-post","status-publish","format-standard","hentry","category-institucional","tag-derecho","tag-jornadas","tag-justicia","tag-rector","tag-vicente-c-guzman"],"_links":{"self":[{"href":"https:\/\/www.upo.es\/diario\/wp-json\/wp\/v2\/posts\/916060","targetHints":{"allow":["GET"]}}],"collection":[{"href":"https:\/\/www.upo.es\/diario\/wp-json\/wp\/v2\/posts"}],"about":[{"href":"https:\/\/www.upo.es\/diario\/wp-json\/wp\/v2\/types\/post"}],"author":[{"embeddable":true,"href":"https:\/\/www.upo.es\/diario\/wp-json\/wp\/v2\/users\/2"}],"replies":[{"embeddable":true,"href":"https:\/\/www.upo.es\/diario\/wp-json\/wp\/v2\/comments?post=916060"}],"version-history":[{"count":4,"href":"https:\/\/www.upo.es\/diario\/wp-json\/wp\/v2\/posts\/916060\/revisions"}],"predecessor-version":[{"id":919581,"href":"https:\/\/www.upo.es\/diario\/wp-json\/wp\/v2\/posts\/916060\/revisions\/919581"}],"wp:attachment":[{"href":"https:\/\/www.upo.es\/diario\/wp-json\/wp\/v2\/media?parent=916060"}],"wp:term":[{"taxonomy":"category","embeddable":true,"href":"https:\/\/www.upo.es\/diario\/wp-json\/wp\/v2\/categories?post=916060"},{"taxonomy":"post_tag","embeddable":true,"href":"https:\/\/www.upo.es\/diario\/wp-json\/wp\/v2\/tags?post=916060"}],"curies":[{"name":"wp","href":"https:\/\/api.w.org\/{rel}","templated":true}]}}