{"id":9171967,"date":"2015-03-20T06:58:34","date_gmt":"2015-03-20T06:58:34","guid":{"rendered":"https:\/\/www.upo.es\/diario\/?p=9171967"},"modified":"2015-03-20T07:33:22","modified_gmt":"2015-03-20T07:33:22","slug":"manana-concierto-de-pascua-del-coro-de-la-upo-en-la-iglesia-del-santo-angel","status":"publish","type":"post","link":"https:\/\/www.upo.es\/diario\/institucional\/2015\/03\/manana-concierto-de-pascua-del-coro-de-la-upo-en-la-iglesia-del-santo-angel\/","title":{"rendered":"Hoy, concierto de Pascua del coro de la UPO en la Iglesia del Santo \u00c1ngel"},"content":{"rendered":"<p align=\"left\"><strong><a href=\"https:\/\/www.upo.es\/diario\/institucional\/2015\/03\/manana-concierto-de-pascua-del-coro-de-la-upo-en-la-iglesia-del-santo-angel\/attachment\/cartel-2015-pascua\/\" rel=\"attachment wp-att-9171969\"><img loading=\"lazy\" decoding=\"async\" class=\"alignright size-medium wp-image-9171969\" alt=\"Cartel 2015 PASCUA\" src=\"https:\/\/www.upo.es\/diario\/wp-content\/uploads\/2015\/03\/Cartel-2015-PASCUA-220x320.png\" width=\"220\" height=\"320\" srcset=\"https:\/\/www.upo.es\/diario\/wp-content\/uploads\/2015\/03\/Cartel-2015-PASCUA-220x320.png 220w, https:\/\/www.upo.es\/diario\/wp-content\/uploads\/2015\/03\/Cartel-2015-PASCUA-413x600.png 413w, https:\/\/www.upo.es\/diario\/wp-content\/uploads\/2015\/03\/Cartel-2015-PASCUA-600x870.png 600w, https:\/\/www.upo.es\/diario\/wp-content\/uploads\/2015\/03\/Cartel-2015-PASCUA.png 658w\" sizes=\"auto, (max-width: 220px) 100vw, 220px\" \/><\/a>Hoy viernes 20 de marzo<\/strong>,<strong> a las 20:30 horas en la Iglesia del Santo \u00c1ngel<\/strong> (calle Rioja) actuar\u00e1 el coro de la Universidad Pablo de Olavide ofreciendo el concierto de Pascua. El t\u00edtulo del concierto, en el V centenario del nacimiento de Santa Teresa de Jes\u00fas, es \u201cY tan alta vida espero\u201d.<\/p>\n<p>Este concierto est\u00e1 organizado por el Vicerrectorado de Estudiantes, Cultura y Compromiso Social. La direcci\u00f3n del coro de la UPO estar\u00e1 a cargo de Jorge Rodr\u00edguez Morata (director musical) y Miguel Rodr\u00edguez Rodr\u00edguez (director art\u00edstico). La entrada es libre hasta completar aforo.<\/p>\n<p><b>PROGRAMA (Duraci\u00f3n aproximada 59 minutos)<\/b><\/p>\n<ol>\n<li>1515. <b>Nacimiento<\/b> de Teresa de Cepeda y Ahumada,\u00a0 en Gotarrendura (\u00c1vila) el 28 de marzo.<\/li>\n<\/ol>\n<p><i>Cantiga de Alfonso X \u201cEl Sabio\u201d (Toledo 1221-Sevilla1284) n\u00ba 100, Santa Maria Strella do dia<\/i><\/p>\n<p>2. \u00a0\u00a01533. Entra en el <b>Convento<\/b> de la Encarnaci\u00f3n, \u00c1vila. Profes\u00f3 en 1534.<\/p>\n<p><i>\u201cVirgen Bendita sin par\u201d Pedro de Escobar (Oporto ca.1465-Evora ca-1535)<\/i><\/p>\n<p>3.\u00a0\u00a0\u00a0 1535-1539. Graves <b>enfermedades<\/b> y vuelta a la vida conventual.<\/p>\n<p><i>O vos omnes, Tom\u00e1s Luis de Victoria (Avila, 1548- Madrid, 1611)<\/i><\/p>\n<p><i>\u00a0<\/i>4.\u00a0\u00a0\u00a0 1560. <b>Transverberaci\u00f3n<\/b>, \u00e9xtasis. Declarada Fiesta por Benedicto XIII en 1726<\/p>\n<p><i>In Paradisum. Canto Gregoriano, Officium Defunctorum<\/i><\/p>\n<p>5.\u00a0\u00a0\u00a0 1562. Primera <b>fundaci\u00f3n<\/b> de la Orden de las <b>Carmelitas Descalzas<\/b>, Convento de S. Jos\u00e9, \u00c1vila (le siguen Medina del Campo, Valladolid, Malag\u00f3n, Toledo, Plasencia, Pastrana, Salamanca, Alcal\u00e1, Beas de Ja\u00e9n, Sevilla, Burgos,\u00a0 Soria, Granada y en todo el mundo.<\/p>\n<p><i>Adoramos te Se\u00f1or, Francisco de la Torre (Sevilla ca. 1460-ca. 1523)<\/i><\/p>\n<p><i>\u00a0<\/i>6.\u00a0\u00a0\u00a0 1562. Concluye su primera <b>obra literaria<\/b>, el Libro de la Vida (le siguen Camino de perfecci\u00f3n, Exclamaciones, Desaf\u00edo espiritual, Fundaciones, Castillo Interior o Las Moradas\u2026)<\/p>\n<p><i>Pange Lingua Gloriosi, P. L. da Palestrina (Palestrina 1525- Roma, 1594)<\/i><\/p>\n<p><i>\u00a0<\/i>7.\u00a0\u00a0\u00a0 1582. <b>Muerte <\/b>el 4 de octubre en Alba de Tormes (Salamanca)<\/p>\n<p><i>Triste Espa\u00f1a sin ventura. Juan del Encina (Fermoselle 1468-Le\u00f3n 1529)<\/i><\/p>\n<p>8.\u00a0\u00a0\u00a0 1614 <b>Beatificaci\u00f3n<\/b>, por Paulo V<\/p>\n<p><i>Paradisi Portae. Ant\u00edfona, Canto Gregoriano<\/i><\/p>\n<p>9.\u00a0\u00a0\u00a0 1622 <b>Canonizaci\u00f3n<\/b>. Santa Teresa de Jes\u00fas por Gregorio XV<\/p>\n<p><i>Dios te salve Cruz preciosa, An\u00f3nimo s.XV-XVI. Cancionero de Palacio<\/i><\/p>\n<p>10.\u00a0\u00a0\u00a0 1627 propuesta <b>Copatrona<\/b> de Espa\u00f1a por Urbano VIII<\/p>\n<p><i>Todos los bienes del mundo. Juan del Encina<\/i><\/p>\n<p>11.\u00a0\u00a0\u00a0 1970 <b>Doctora <\/b>de la Iglesia, proclamada por\u00a0 Pablo VI.<\/p>\n<p><i>Caligaverunt, Tom\u00e1s Luis de Victoria<\/i><\/p>\n<p>12.\u00a0\u00a0\u00a0 2015 Celebraci\u00f3n del <b>V Centenario<\/b> de su nacimiento<\/p>\n<p><i>Popules Meus, Tom\u00e1s Luis de Victoria<\/i><\/p>\n<p><i>\u00a0<\/i><\/p>\n<p><i>\u00a0<\/i><\/p>\n<p><i>\u00a0<\/i><\/p>\n<p><i>\u00a0<\/i><\/p>\n","protected":false},"excerpt":{"rendered":"<p>Hoy viernes 20 de marzo, a las 20:30 horas en la Iglesia del Santo \u00c1ngel (calle Rioja) actuar\u00e1 el coro de la Universidad Pablo de Olavide ofreciendo el concierto de Pascua. El t\u00edtulo del concierto, en el V centenario del nacimiento de Santa Teresa de Jes\u00fas, es \u201cY tan alta vida espero\u201d. <\/p>\n","protected":false},"author":10,"featured_media":0,"comment_status":"closed","ping_status":"open","sticky":false,"template":"","format":"standard","meta":{"_monsterinsights_skip_tracking":false,"_monsterinsights_sitenote_active":false,"_monsterinsights_sitenote_note":"","_monsterinsights_sitenote_category":0,"footnotes":""},"categories":[6],"tags":[403,71,2259,491],"class_list":["post-9171967","post","type-post","status-publish","format-standard","hentry","category-institucional","tag-concierto","tag-coro","tag-pascua","tag-upo"],"_links":{"self":[{"href":"https:\/\/www.upo.es\/diario\/wp-json\/wp\/v2\/posts\/9171967","targetHints":{"allow":["GET"]}}],"collection":[{"href":"https:\/\/www.upo.es\/diario\/wp-json\/wp\/v2\/posts"}],"about":[{"href":"https:\/\/www.upo.es\/diario\/wp-json\/wp\/v2\/types\/post"}],"author":[{"embeddable":true,"href":"https:\/\/www.upo.es\/diario\/wp-json\/wp\/v2\/users\/10"}],"replies":[{"embeddable":true,"href":"https:\/\/www.upo.es\/diario\/wp-json\/wp\/v2\/comments?post=9171967"}],"version-history":[{"count":7,"href":"https:\/\/www.upo.es\/diario\/wp-json\/wp\/v2\/posts\/9171967\/revisions"}],"predecessor-version":[{"id":9188989,"href":"https:\/\/www.upo.es\/diario\/wp-json\/wp\/v2\/posts\/9171967\/revisions\/9188989"}],"wp:attachment":[{"href":"https:\/\/www.upo.es\/diario\/wp-json\/wp\/v2\/media?parent=9171967"}],"wp:term":[{"taxonomy":"category","embeddable":true,"href":"https:\/\/www.upo.es\/diario\/wp-json\/wp\/v2\/categories?post=9171967"},{"taxonomy":"post_tag","embeddable":true,"href":"https:\/\/www.upo.es\/diario\/wp-json\/wp\/v2\/tags?post=9171967"}],"curies":[{"name":"wp","href":"https:\/\/api.w.org\/{rel}","templated":true}]}}