{"id":9171974,"date":"2015-03-19T07:00:01","date_gmt":"2015-03-19T07:00:01","guid":{"rendered":"https:\/\/www.upo.es\/diario\/?p=9171974"},"modified":"2015-03-20T11:37:33","modified_gmt":"2015-03-20T11:37:33","slug":"la-upo-organiza-manana-viernes-un-taller-para-observar-el-eclipse-de-sol","status":"publish","type":"post","link":"https:\/\/www.upo.es\/diario\/ciencia\/2015\/03\/la-upo-organiza-manana-viernes-un-taller-para-observar-el-eclipse-de-sol\/","title":{"rendered":"La UPO organiza ma\u00f1ana viernes un taller para observar el eclipse de Sol"},"content":{"rendered":"<p>Si el tiempo lo permite, la comunidad universitaria de la Olavide ser\u00e1 testigo directo del eclipse de sol que se producir\u00e1 ma\u00f1ana viernes 20 de marzo, de 9 a 11 horas, gracias a un taller que contar\u00e1 con la participaci\u00f3n de expertos en astronom\u00eda, quienes explicar\u00e1n a los miembros de la UPO participantes c\u00f3mo se produce este fen\u00f3meno, que podr\u00e1 observarse con telescopios solares y gafas protectoras.<\/p>\n<p>Esta actividad de divulgaci\u00f3n cient\u00edfica, abierta a la comunidad universitaria, ha sido organizada por investigadores del \u00c1rea de F\u00edsica Aplicada del Departamento de Sistemas F\u00edsicos, Qu\u00edmicos y Naturales de la Universidad Pablo de Olavide, coordinados por el profesor Feliciano de Soto, en colaboraci\u00f3n con la <a href=\"http:\/\/www.upo.es\/otri\/portada\">Oficina de Transferencia de Resultados de Investigaci\u00f3n<\/a> (OTRI).<\/p>\n<p>El taller, que lleva por t\u00edtulo <b>\u201cObservaci\u00f3n del eclipse parcial de Sol del 20 de marzo\u201d<\/b>, dar\u00e1 comienzo a las 9:00 horas y hasta las 11:00 horas estar\u00e1 ubicado el espacio central del Complejo Fausto Elhuyar (entre los edificios 22, 23 y 24\/29), en la Universidad Pablo de Olavide.<\/p>\n<p>Durante la actividad, los investigadores atender\u00e1n al p\u00fablico para que realicen su propia observaci\u00f3n astron\u00f3mica a trav\u00e9s de telescopios solares y gafas protectoras para una correcta y segura observaci\u00f3n del fen\u00f3meno. Adem\u00e1s del seguimiento del eclipse, se ofrecer\u00e1 una explicaci\u00f3n para comprender c\u00f3mo, cu\u00e1ndo y por qu\u00e9 se producen los eclipses y sobre temas relacionados como los instrumentos \u00f3pticos utilizados y los detalles observables sobre la superficie del sol. Asimismo, los participantes podr\u00e1n ver la evoluci\u00f3n del eclipse de Sol en diferentes ciudades de Europa a trav\u00e9s de una retransmisi\u00f3n en directo.<\/p>\n<p>La actividad, que contar\u00e1 tambi\u00e9n con la presencia de las asociaciones astron\u00f3micas \u201cAstronom\u00eda Sevilla\u201d y \u201cAlbireo\u201d, pretende ser el punto de partida de la creaci\u00f3n de un \u201cAula de Astronom\u00eda\u201d en la Universidad Pablo de Olavide, bajo la cual organicen actividades divulgativas como charlas y conferencias, salidas astron\u00f3micas, observaciones solares, o caf\u00e9s con ciencia, entre tras, que tienen como objetivo poner en\u00a0 valor y acercar a la ciudadan\u00eda el mundo de la astronom\u00eda y la astrof\u00edsica.<\/p>\n<p>Desde Sevilla, el eclipse de sol ser\u00e1 observado como parcial, con una ocultaci\u00f3n de alrededor del 60% del disco solar. Hasta el a\u00f1o 2027 no se podr\u00e1 disfrutar de un eclipse de mayor magnitud, cuando la ciudad tendr\u00e1 la oportunidad de observar un eclipse total.<\/p>\n<p>Fuente: <a title=\"OTRI-UPO\" href=\"http:\/\/www.upo.es\/otri\/\" target=\"_blank\">Oficina de Transferencia de Resultados de Investigaci\u00f3n UPO<\/a><\/p>\n<p>&nbsp;<\/p>\n","protected":false},"excerpt":{"rendered":"<p>Si el tiempo lo permite, la comunidad universitaria de la Olavide ser\u00e1 testigo directo del eclipse de sol que se producir\u00e1 ma\u00f1ana viernes 20 de marzo, de 9 a 11 horas, gracias a un taller que contar\u00e1 con la participaci\u00f3n de expertos en astronom\u00eda, quienes explicar\u00e1n a los miembros de la UPO participantes c\u00f3mo se produce este fen\u00f3meno, que podr\u00e1<a class=\"read-more\" href=\"https:\/\/www.upo.es\/diario\/ciencia\/2015\/03\/la-upo-organiza-manana-viernes-un-taller-para-observar-el-eclipse-de-sol\/\">[Read More&#8230;]<\/a><\/p>\n","protected":false},"author":6,"featured_media":0,"comment_status":"closed","ping_status":"open","sticky":false,"template":"","format":"standard","meta":{"_monsterinsights_skip_tracking":false,"_monsterinsights_sitenote_active":false,"_monsterinsights_sitenote_note":"","_monsterinsights_sitenote_category":0,"footnotes":""},"categories":[3],"tags":[1225,428,83],"class_list":["post-9171974","post","type-post","status-publish","format-standard","hentry","category-ciencia","tag-astronomia","tag-fisica","tag-otri"],"_links":{"self":[{"href":"https:\/\/www.upo.es\/diario\/wp-json\/wp\/v2\/posts\/9171974","targetHints":{"allow":["GET"]}}],"collection":[{"href":"https:\/\/www.upo.es\/diario\/wp-json\/wp\/v2\/posts"}],"about":[{"href":"https:\/\/www.upo.es\/diario\/wp-json\/wp\/v2\/types\/post"}],"author":[{"embeddable":true,"href":"https:\/\/www.upo.es\/diario\/wp-json\/wp\/v2\/users\/6"}],"replies":[{"embeddable":true,"href":"https:\/\/www.upo.es\/diario\/wp-json\/wp\/v2\/comments?post=9171974"}],"version-history":[{"count":6,"href":"https:\/\/www.upo.es\/diario\/wp-json\/wp\/v2\/posts\/9171974\/revisions"}],"predecessor-version":[{"id":9192578,"href":"https:\/\/www.upo.es\/diario\/wp-json\/wp\/v2\/posts\/9171974\/revisions\/9192578"}],"wp:attachment":[{"href":"https:\/\/www.upo.es\/diario\/wp-json\/wp\/v2\/media?parent=9171974"}],"wp:term":[{"taxonomy":"category","embeddable":true,"href":"https:\/\/www.upo.es\/diario\/wp-json\/wp\/v2\/categories?post=9171974"},{"taxonomy":"post_tag","embeddable":true,"href":"https:\/\/www.upo.es\/diario\/wp-json\/wp\/v2\/tags?post=9171974"}],"curies":[{"name":"wp","href":"https:\/\/api.w.org\/{rel}","templated":true}]}}