{"id":920296,"date":"2013-05-23T11:11:16","date_gmt":"2013-05-23T11:11:16","guid":{"rendered":"https:\/\/www.upo.es\/diario\/?p=920296"},"modified":"2013-05-23T11:11:16","modified_gmt":"2013-05-23T11:11:16","slug":"ceremonia-de-egresados-de-las-primeras-promociones-de-los-grados-de-la-facultad-de-ciencias-empresariales","status":"publish","type":"post","link":"https:\/\/www.upo.es\/diario\/institucional\/2013\/05\/ceremonia-de-egresados-de-las-primeras-promociones-de-los-grados-de-la-facultad-de-ciencias-empresariales\/","title":{"rendered":"Ceremonia de Egresados de las primeras promociones  de los grados de la Facultad de Ciencias Empresariales"},"content":{"rendered":"<figure id=\"attachment_920297\" aria-describedby=\"caption-attachment-920297\" style=\"width: 320px\" class=\"wp-caption alignright\"><a href=\"https:\/\/www.upo.es\/diario\/wp-content\/uploads\/2013\/05\/130522-UPO_383.jpg\"><img loading=\"lazy\" decoding=\"async\" class=\"size-medium wp-image-920297\" alt=\"Ceremonia de egresados de los grados en ADE y en Finanzas y Contabilidad. Fuente: Foto \u00c9xito\" src=\"https:\/\/www.upo.es\/diario\/wp-content\/uploads\/2013\/05\/130522-UPO_383-320x212.jpg\" width=\"320\" height=\"212\" srcset=\"https:\/\/www.upo.es\/diario\/wp-content\/uploads\/2013\/05\/130522-UPO_383-320x212.jpg 320w, https:\/\/www.upo.es\/diario\/wp-content\/uploads\/2013\/05\/130522-UPO_383-600x399.jpg 600w, https:\/\/www.upo.es\/diario\/wp-content\/uploads\/2013\/05\/130522-UPO_383.jpg 1024w\" sizes=\"auto, (max-width: 320px) 100vw, 320px\" \/><\/a><figcaption id=\"caption-attachment-920297\" class=\"wp-caption-text\">Ceremonia de Egresados de los grados en ADE y en Finanzas y Contabilidad. Fuente: Foto \u00c9xito<\/figcaption><\/figure>\n<figure id=\"attachment_920298\" aria-describedby=\"caption-attachment-920298\" style=\"width: 320px\" class=\"wp-caption alignright\"><a href=\"https:\/\/www.upo.es\/diario\/wp-content\/uploads\/2013\/05\/130522-UPO_305.jpg\"><img loading=\"lazy\" decoding=\"async\" class=\"size-medium wp-image-920298\" alt=\"El padrino Jes\u00fas Garc\u00eda-Qu\u00edlez, director de Financiaci\u00f3n Corporativa de Abengoa durante la imposici\u00f3n de becas. Fuente: Foto \u00c9xito\" src=\"https:\/\/www.upo.es\/diario\/wp-content\/uploads\/2013\/05\/130522-UPO_305-320x212.jpg\" width=\"320\" height=\"212\" srcset=\"https:\/\/www.upo.es\/diario\/wp-content\/uploads\/2013\/05\/130522-UPO_305-320x212.jpg 320w, https:\/\/www.upo.es\/diario\/wp-content\/uploads\/2013\/05\/130522-UPO_305-1024x680.jpg 1024w, https:\/\/www.upo.es\/diario\/wp-content\/uploads\/2013\/05\/130522-UPO_305-600x398.jpg 600w\" sizes=\"auto, (max-width: 320px) 100vw, 320px\" \/><\/a><figcaption id=\"caption-attachment-920298\" class=\"wp-caption-text\">El padrino Jes\u00fas Garc\u00eda-Qu\u00edlez, director de Financiaci\u00f3n Corporativa de Abengoa durante la imposici\u00f3n de becas. Fuente: Foto \u00c9xito<\/figcaption><\/figure>\n<p>La Ceremonia de Egresados de las primeras promociones 2009-2013 de los grados en \u00a0Administraci\u00f3n y Direcci\u00f3n de Empresas y en Finanzas y Contabilidad se celebr\u00f3 ayer mi\u00e9rcoles en la Universidad Pablo de Olavide, presidida por el rector de la UPO, Vicente Guzm\u00e1n.<\/p>\n<p>El padrino de las promociones fue Jes\u00fas Garc\u00eda-Qu\u00edlez G\u00f3mez, director de Financiaci\u00f3n Corporativa de Abengoa. A la ceremonia tambi\u00e9n asistieron el decano de la Facultad de Ciencias Empresariales, Francisco Carrasco Fenech; el vicedecano de Relaciones con Empresas e Instituciones, Jos\u00e9 Carlos Miranda S\u00e1nchez, y la vicedecana de Relaciones Internacionales, Cecilia T\u00e9llez Valle. Los representantes de los estudiantes fueron Jos\u00e9 Mar\u00eda Fern\u00e1ndez Granados y Alejandra Auxiliadora Mu\u00f1oz S\u00e1nchez del grado en Administraci\u00f3n y Direccion de Empresas; y Aloma L\u00f3pez Castillejo y Rogelio Gonz\u00e1lez Sanabria del grado en Finanzas y Contabilidad.<\/p>\n<p>Un total de 121 egresados -59 del grado en Administraci\u00f3n y Direcci\u00f3n de Empresas y 62 estudiantes del grado en Finanzas y Contabilidad- han confirmado su asistencia, junto a sus familiares, a estos actos con los que la Universidad Pablo de Olavide recupera una antigua tradici\u00f3n de las universidades europeas.<\/p>\n","protected":false},"excerpt":{"rendered":"<p>La Ceremonia de Egresados de las primeras promociones 2009-2013 de los grados en  Administraci\u00f3n y Direcci\u00f3n de Empresas y en Finanzas y Contabilidad se celebr\u00f3 ayer mi\u00e9rcoles en la Universidad Pablo de Olavide, presidida por el rector de la UPO, Vicente Guzm\u00e1n.<\/p>\n","protected":false},"author":4,"featured_media":0,"comment_status":"closed","ping_status":"open","sticky":false,"template":"","format":"standard","meta":{"_monsterinsights_skip_tracking":false,"_monsterinsights_sitenote_active":false,"_monsterinsights_sitenote_note":"","_monsterinsights_sitenote_category":0,"footnotes":""},"categories":[6],"tags":[607,581,122,608],"class_list":["post-920296","post","type-post","status-publish","format-standard","hentry","category-institucional","tag-administracion-y-direccion-de-empresas","tag-ceremonia-de-egresados","tag-facultad-ciencias-experimentales","tag-finanzas-y-contabilidad"],"_links":{"self":[{"href":"https:\/\/www.upo.es\/diario\/wp-json\/wp\/v2\/posts\/920296","targetHints":{"allow":["GET"]}}],"collection":[{"href":"https:\/\/www.upo.es\/diario\/wp-json\/wp\/v2\/posts"}],"about":[{"href":"https:\/\/www.upo.es\/diario\/wp-json\/wp\/v2\/types\/post"}],"author":[{"embeddable":true,"href":"https:\/\/www.upo.es\/diario\/wp-json\/wp\/v2\/users\/4"}],"replies":[{"embeddable":true,"href":"https:\/\/www.upo.es\/diario\/wp-json\/wp\/v2\/comments?post=920296"}],"version-history":[{"count":2,"href":"https:\/\/www.upo.es\/diario\/wp-json\/wp\/v2\/posts\/920296\/revisions"}],"predecessor-version":[{"id":920300,"href":"https:\/\/www.upo.es\/diario\/wp-json\/wp\/v2\/posts\/920296\/revisions\/920300"}],"wp:attachment":[{"href":"https:\/\/www.upo.es\/diario\/wp-json\/wp\/v2\/media?parent=920296"}],"wp:term":[{"taxonomy":"category","embeddable":true,"href":"https:\/\/www.upo.es\/diario\/wp-json\/wp\/v2\/categories?post=920296"},{"taxonomy":"post_tag","embeddable":true,"href":"https:\/\/www.upo.es\/diario\/wp-json\/wp\/v2\/tags?post=920296"}],"curies":[{"name":"wp","href":"https:\/\/api.w.org\/{rel}","templated":true}]}}