{"id":920670,"date":"2013-05-24T10:50:11","date_gmt":"2013-05-24T10:50:11","guid":{"rendered":"https:\/\/www.upo.es\/diario\/?p=920670"},"modified":"2013-05-24T11:53:06","modified_gmt":"2013-05-24T11:53:06","slug":"los-comerciantes-italianos-en-espana-durante-la-edad-moderna-tema-de-un-encuentro-internacional-manana-en-la-eeha","status":"publish","type":"post","link":"https:\/\/www.upo.es\/diario\/institucional\/2013\/05\/los-comerciantes-italianos-en-espana-durante-la-edad-moderna-tema-de-un-encuentro-internacional-manana-en-la-eeha\/","title":{"rendered":"Los comerciantes italianos en Espa\u00f1a durante la Edad Moderna, tema de un encuentro internacional hoy en la EEHA"},"content":{"rendered":"<figure id=\"attachment_920671\" aria-describedby=\"caption-attachment-920671\" style=\"width: 320px\" class=\"wp-caption alignright\"><a href=\"https:\/\/www.upo.es\/diario\/wp-content\/uploads\/2013\/05\/140_1642515-W.jpg\"><img loading=\"lazy\" decoding=\"async\" class=\"size-medium wp-image-920671\" alt=\"Puerto de G\u00e9nova (1481)\" src=\"https:\/\/www.upo.es\/diario\/wp-content\/uploads\/2013\/05\/140_1642515-W-320x183.jpg\" width=\"320\" height=\"183\" srcset=\"https:\/\/www.upo.es\/diario\/wp-content\/uploads\/2013\/05\/140_1642515-W-320x183.jpg 320w, https:\/\/www.upo.es\/diario\/wp-content\/uploads\/2013\/05\/140_1642515-W-600x344.jpg 600w, https:\/\/www.upo.es\/diario\/wp-content\/uploads\/2013\/05\/140_1642515-W.jpg 800w\" sizes=\"auto, (max-width: 320px) 100vw, 320px\" \/><\/a><figcaption id=\"caption-attachment-920671\" class=\"wp-caption-text\">Puerto de G\u00e9nova (1481) &#8211; \u00a9 The Granger Collection<\/figcaption><\/figure>\n<p>Hoy viernes 24 de mayo tendr\u00e1 lugar, en la sala Calder\u00f3n Quijano de la Escuela de Estudios Hispano-Americanos (C\/Alfonso XII, 16), el <b>Encuentro Internacional \u2018Comercio y Comerciantes Italianos en la Monarqu\u00eda Hisp\u00e1nica durante la Edad Moderna\u2019<\/b>. Organizado por la EEHA y la UPO, el Encuentro reunir\u00e1 a expertos en Historia Moderna de varias universidades en dos sesiones.<\/p>\n<p>La primera, <b>\u2018Prosperar a la sombra de los Austrias: redes, estrategias e identidad\u2019<\/b> comenzar\u00e1 a las 9.30 horas coordinada por Consuelo Varela, de la EEHA. <b>\u2018Rupturas y continuidades en el siglo de los Borbones\u2019<\/b> es la segunda sesi\u00f3n que comenzar\u00e1 a las 16 horas coordinada por el profesor de la UPO Manuel Herrero, quien dirige este encuentro internacional junto a Catia Brilli, de la EEHA.<\/p>\n<p align=\"center\"><b>\u00a0<\/b><\/p>\n<p align=\"center\"><b>ENCUENTRO INTERNACIONAL \u2018COMERCIO Y COMERCIANTES ITALIANOS EN LA MONARQU\u00cdA HISP\u00c1NICA DURANTE LA EDAD MODERNA\u2019<\/b><\/p>\n<p align=\"center\">Viernes 24 de mayo de 2013 \u2013 EEHA (Sala Calder\u00f3n Quijano)<\/p>\n<p>&nbsp;<\/p>\n<p><span style=\"text-decoration: underline;\">Programa<\/span>:<\/p>\n<p><b>I Sesi\u00f3n: Prosperar a la sombra de los Austrias: redes, estrategias e identidad<\/b><\/p>\n<p><b>09:30 &#8211; Matteo Salonia<\/b>, Liverpool University: <i>\u201cLibert\u00e0\u201d and selfperception in medieval and early modern Genoa: the origins of the Genoese Atlantic<\/i>.<\/p>\n<p><b>10:20 &#8211; Angela Orlandi<\/b>, Universit\u00e0 degli Studi di Firenze: <i>Mercanti toscani nell&#8217;Andalusia del XVI secolo: un dibattito storiografico<\/i>.<\/p>\n<p><b>10:40 &#8211; Benoit Marechaux<\/b>, Universidad Carlos III de Madrid: <i>Los asentistas de galeras genoveses al servicio de la Monarqu\u00eda Hisp\u00e1nica (1595-1630).<\/i><\/p>\n<p><b>11:00 &#8211; Yasmina Roc\u00edo Ben Yessef<\/b>, UPO, Istituto Benedetto Croce: <i>Redes financieras genovesas para la conformaci\u00f3n de un sistema polic\u00e9ntrico: Bautista Serra y el banco Espinosa-Mortedo de Sevilla (1600-1615).<\/i><\/p>\n<p>11:20 Pausa.<\/p>\n<p><b>12:00 &#8211; Alejandro Garc\u00eda Mont\u00f3n<\/b>, European University Institute: <i>\u00bfQui\u00e9n financi\u00f3 el asiento de esclavos con Am\u00e9rica de la Monarqu\u00eda Hisp\u00e1nica (1663-1674)?<\/i><\/p>\n<p><b>12:20 &#8211; Felipe Gaitan Amman<\/b>, Columbia University: <i>Tras los espejos: materialidad e intimidad en casa de Domingo Grillo (1617- 1687).<\/i><\/p>\n<p><b>12:40 &#8211; Debate<\/b>.<\/p>\n<p>&nbsp;<\/p>\n<p><b>II Sesi\u00f3n: Rupturas y continuidades en el siglo de los Borbones<\/b><\/p>\n<p><b>16:00 \u00a0&#8211; Mar\u00eda Isabel Lobato<\/b>, Universidad de Sevilla: <i>Francesco Ginori, mercader y c\u00f3nsul de la naci\u00f3n florentina en C\u00e1diz (1672-1713)<\/i>.<\/p>\n<p><b>16:20 Antonio \u00c1lvarez-Ossorio<\/b>, Universidad Aut\u00f3noma de Madrid: <i>Los exiliados italianos en la corte de Felipe V<\/i>.<\/p>\n<p>16:40 Pausa<\/p>\n<p><b>17:00 &#8211; Marco Villa<\/b>, Universit\u00e0 degli Studi di Firenze: <i>Il blocco del commercio genovese del 1757. I rapporti tra la Repubblica di Genova e la Spagna a met\u00e0 del Settecento<\/i>.<\/p>\n<p><b>17:20 &#8211; Klemens Kaps<\/b>, UPO: <i>Desde Europa Central hasta el Atl\u00e1ntico: Redes de comerciantes \u00abitalo-habsb\u00fargicos\u00bb en C\u00e1diz en la segunda mitad del siglo XVIII<\/i>.<\/p>\n<p><b>17:40 &#8211; Debate<\/b>.<\/p>\n<p><b>19:00 \u00a0&#8211; Clausura del Encuentro<\/b>.<\/p>\n<p>&nbsp;<\/p>\n","protected":false},"excerpt":{"rendered":"<p>Hoy viernes 24 de mayo tendr\u00e1 lugar, en la sala Calder\u00f3n Quijano de la Escuela de Estudios Hispano-Americanos (C\/Alfonso XII, 16), el Encuentro Internacional \u2018Comercio y Comerciantes Italianos en la Monarqu\u00eda Hisp\u00e1nica durante la Edad Moderna\u2019. Organizado por la EEHA y la UPO, el Encuentro reunir\u00e1 a expertos en Historia Moderna de varias universidades en dos sesiones.<\/p>\n","protected":false},"author":6,"featured_media":0,"comment_status":"closed","ping_status":"open","sticky":false,"template":"","format":"standard","meta":{"_monsterinsights_skip_tracking":false,"_monsterinsights_sitenote_active":false,"_monsterinsights_sitenote_note":"","_monsterinsights_sitenote_category":0,"footnotes":""},"categories":[6],"tags":[45,285,150,56,514],"class_list":["post-920670","post","type-post","status-publish","format-standard","hentry","category-institucional","tag-csic","tag-espana","tag-historia","tag-investigacion","tag-jornada"],"_links":{"self":[{"href":"https:\/\/www.upo.es\/diario\/wp-json\/wp\/v2\/posts\/920670","targetHints":{"allow":["GET"]}}],"collection":[{"href":"https:\/\/www.upo.es\/diario\/wp-json\/wp\/v2\/posts"}],"about":[{"href":"https:\/\/www.upo.es\/diario\/wp-json\/wp\/v2\/types\/post"}],"author":[{"embeddable":true,"href":"https:\/\/www.upo.es\/diario\/wp-json\/wp\/v2\/users\/6"}],"replies":[{"embeddable":true,"href":"https:\/\/www.upo.es\/diario\/wp-json\/wp\/v2\/comments?post=920670"}],"version-history":[{"count":4,"href":"https:\/\/www.upo.es\/diario\/wp-json\/wp\/v2\/posts\/920670\/revisions"}],"predecessor-version":[{"id":924808,"href":"https:\/\/www.upo.es\/diario\/wp-json\/wp\/v2\/posts\/920670\/revisions\/924808"}],"wp:attachment":[{"href":"https:\/\/www.upo.es\/diario\/wp-json\/wp\/v2\/media?parent=920670"}],"wp:term":[{"taxonomy":"category","embeddable":true,"href":"https:\/\/www.upo.es\/diario\/wp-json\/wp\/v2\/categories?post=920670"},{"taxonomy":"post_tag","embeddable":true,"href":"https:\/\/www.upo.es\/diario\/wp-json\/wp\/v2\/tags?post=920670"}],"curies":[{"name":"wp","href":"https:\/\/api.w.org\/{rel}","templated":true}]}}