{"id":920855,"date":"2013-05-24T05:45:55","date_gmt":"2013-05-24T05:45:55","guid":{"rendered":"https:\/\/www.upo.es\/diario\/?p=920855"},"modified":"2013-05-24T06:07:58","modified_gmt":"2013-05-24T06:07:58","slug":"manana-se-presenta-en-fuentes-de-andalucia-el-v-congreso-del-barroco-iberoamericano","status":"publish","type":"post","link":"https:\/\/www.upo.es\/diario\/cultura\/2013\/05\/manana-se-presenta-en-fuentes-de-andalucia-el-v-congreso-del-barroco-iberoamericano\/","title":{"rendered":"Hoy se presenta en Fuentes de Andaluc\u00eda el V Congreso del Barroco Iberoamericano"},"content":{"rendered":"<p>Hoy viernes, a las 10.30 horas, en el Centro de Interpretaci\u00f3n del Barroco de Fuentes de Andaluc\u00eda, se llevar\u00e1 a cabo el acto de presentaci\u00f3n del\u00a0 <a href=\"http:\/\/jovenesceiba.com\/\">I Simposio Internacional de J\u00f3venes Investigadores del\u00a0 Barroco Iberoamericano<\/a> que se celebra del 27 al 29 de mayo en Santiago de Compostela,\u00a0 y del V Congreso Internacional del Barroco Iberoamericano que se celebrar\u00e1 en oto\u00f1o de 2014 en Bogot\u00e1 (Colombia).<\/p>\n<p>El Simposio de J\u00f3venes Investigadores est\u00e1 organizado por los grupos de investigaci\u00f3n sobre Barroco de las universidades de Santiago de Compostela, Jaume I de Castell\u00f3n y Pablo de Olavide de Sevilla. Por su parte, el Congreso Internacional est\u00e1 organizado por las universidades Nacional de Colombia, Pontifica Javeriana y de los Andes en colaboraci\u00f3n con la Universidad Pablo de Olavide de Sevilla y el Centro de Estudios del Barroco Iberoamericano (CEIBA).<\/p>\n<p>Con esta presentaci\u00f3n se pretende establecer una alianza entre el Centro de Interpretaci\u00f3n del Barroco de Fuentes de Andaluc\u00eda y el recientemente creado Centro de Estudios del Barroco Iberoamericano (CEIBA), auspiciado por los grupos de investigaci\u00f3n de las tres universidades organizadoras del simposio de j\u00f3venes investigadores.<\/p>\n<p>Asistir\u00e1n como ponentes\u00a0a esta presentaci\u00f3n Fernando Quiles Garc\u00eda, profesor titular de Historia del Arte del Departamento de Geograf\u00eda e Historia de la UPO; Marcelo Mart\u00edn, profesor de Historia del Arte de la UPO; Mar\u00eda \u00c1ngeles Fern\u00e1ndez, profesora de Historia del Arte de la UPO, y Marcela Cristina Cu\u00e9llar, asesora del Ministerio de Cultura de Colombia.<\/p>\n","protected":false},"excerpt":{"rendered":"<p>Hoy viernes, a las 10.30 horas, en el Centro de Interpretaci\u00f3n del Barroco de Fuentes de Andaluc\u00eda, se llevar\u00e1 a cabo el acto de presentaci\u00f3n del  I Simposio Internacional de J\u00f3venes Investigadores del  Barroco Iberoamericano que se celebra del 27 al 29 de mayo en Santiago de Compostela,  y del V Congreso Internacional del Barroco Iberoamericano que se celebrar\u00e1 en oto\u00f1o de 2014 en Bogot\u00e1 (Colombia). <\/p>\n","protected":false},"author":6,"featured_media":0,"comment_status":"closed","ping_status":"open","sticky":false,"template":"","format":"standard","meta":{"_monsterinsights_skip_tracking":false,"_monsterinsights_sitenote_active":false,"_monsterinsights_sitenote_note":"","_monsterinsights_sitenote_category":0,"footnotes":""},"categories":[7],"tags":[259,56,533],"class_list":["post-920855","post","type-post","status-publish","format-standard","hentry","category-cultura","tag-area-de-historia-del-arte","tag-investigacion","tag-simposio"],"_links":{"self":[{"href":"https:\/\/www.upo.es\/diario\/wp-json\/wp\/v2\/posts\/920855","targetHints":{"allow":["GET"]}}],"collection":[{"href":"https:\/\/www.upo.es\/diario\/wp-json\/wp\/v2\/posts"}],"about":[{"href":"https:\/\/www.upo.es\/diario\/wp-json\/wp\/v2\/types\/post"}],"author":[{"embeddable":true,"href":"https:\/\/www.upo.es\/diario\/wp-json\/wp\/v2\/users\/6"}],"replies":[{"embeddable":true,"href":"https:\/\/www.upo.es\/diario\/wp-json\/wp\/v2\/comments?post=920855"}],"version-history":[{"count":3,"href":"https:\/\/www.upo.es\/diario\/wp-json\/wp\/v2\/posts\/920855\/revisions"}],"predecessor-version":[{"id":920857,"href":"https:\/\/www.upo.es\/diario\/wp-json\/wp\/v2\/posts\/920855\/revisions\/920857"}],"wp:attachment":[{"href":"https:\/\/www.upo.es\/diario\/wp-json\/wp\/v2\/media?parent=920855"}],"wp:term":[{"taxonomy":"category","embeddable":true,"href":"https:\/\/www.upo.es\/diario\/wp-json\/wp\/v2\/categories?post=920855"},{"taxonomy":"post_tag","embeddable":true,"href":"https:\/\/www.upo.es\/diario\/wp-json\/wp\/v2\/tags?post=920855"}],"curies":[{"name":"wp","href":"https:\/\/api.w.org\/{rel}","templated":true}]}}