{"id":925015,"date":"2013-05-24T08:09:24","date_gmt":"2013-05-24T08:09:24","guid":{"rendered":"https:\/\/www.upo.es\/diario\/?p=925015"},"modified":"2013-05-24T13:11:08","modified_gmt":"2013-05-24T13:11:08","slug":"reunion-del-grupo-de-trabajo-entre-el-ministerio-de-educacion-y-la-crue-para-tratar-la-reforma-universitaria","status":"publish","type":"post","link":"https:\/\/www.upo.es\/diario\/institucional\/2013\/05\/reunion-del-grupo-de-trabajo-entre-el-ministerio-de-educacion-y-la-crue-para-tratar-la-reforma-universitaria\/","title":{"rendered":"Reuni\u00f3n del grupo de trabajo entre el Ministerio de Educaci\u00f3n y la CRUE para tratar la reforma universitaria"},"content":{"rendered":"<p>Esta ma\u00f1ana se ha celebrado la primera reuni\u00f3n del Grupo de Trabajo entre el Ministerio de Educaci\u00f3n, Cultura y Deporte y representantes de los rectores de Universidades p\u00fablicas y privadas, as\u00ed como de los Consejos Sociales. Un encuentro que se enmarca en las conversaciones que viene manteniendo desde hace semanas el Ministerio con los distintos sectores de la comunidad universitaria para abordar las posibles medidas de reforma de la Universidad espa\u00f1ola.<\/p>\n<p>En la reuni\u00f3n se ha confirmado la voluntad de trabajar conjuntamente para abordar las medidas de reforma universitaria. Se ha constatado un acuerdo sustancial en el diagn\u00f3stico de la situaci\u00f3n, reconociendo la calidad de nuestro modelo universitario, pero tambi\u00e9n la necesidad de realizar reformas que le permitan seguir siendo competitivo en una sociedad m\u00e1s globalizada.<\/p>\n<p>En la actual situaci\u00f3n econ\u00f3mica, todas las partes han trasmitido su preocupaci\u00f3n por alcanzar acuerdos que mejoren la formaci\u00f3n que reciben nuestros estudiantes y, de este modo, incrementar su empleabilidad.<\/p>\n<p>Se ha acordado trabajar en la mejora del sistema de acreditaciones del personal docente universitario, en la racionalizaci\u00f3n de la oferta de titulaciones, as\u00ed como avanzar hacia un proceso de evaluaci\u00f3n de los Centros universitarios que permita optimizar los mecanismos de rendici\u00f3n de cuentas por parte de las universidades.<\/p>\n<p>Por \u00faltimo, se ha fijado un calendario de reuniones para profundizar en aspectos concretos que permitan llevar a cabo los cambios necesarios para la mejora del sistema universitario espa\u00f1ol.<\/p>\n","protected":false},"excerpt":{"rendered":"<p>Esta ma\u00f1ana se ha celebrado la primera reuni\u00f3n del Grupo de Trabajo entre el Ministerio de Educaci\u00f3n, Cultura y Deporte y representantes de los rectores de Universidades p\u00fablicas y privadas, as\u00ed como de los Consejos Sociales. Un encuentro que se enmarca en las conversaciones que viene manteniendo desde hace semanas el Ministerio con los distintos sectores de la comunidad universitaria para abordar las posibles medidas de reforma de la Universidad espa\u00f1ola.<\/p>\n","protected":false},"author":6,"featured_media":0,"comment_status":"closed","ping_status":"open","sticky":false,"template":"","format":"standard","meta":{"_monsterinsights_skip_tracking":false,"_monsterinsights_sitenote_active":false,"_monsterinsights_sitenote_note":"","_monsterinsights_sitenote_category":0,"footnotes":""},"categories":[6],"tags":[243,461,244,39],"class_list":["post-925015","post","type-post","status-publish","format-standard","hentry","category-institucional","tag-crue","tag-ley","tag-ministerio-de-educacion","tag-universidades"],"_links":{"self":[{"href":"https:\/\/www.upo.es\/diario\/wp-json\/wp\/v2\/posts\/925015","targetHints":{"allow":["GET"]}}],"collection":[{"href":"https:\/\/www.upo.es\/diario\/wp-json\/wp\/v2\/posts"}],"about":[{"href":"https:\/\/www.upo.es\/diario\/wp-json\/wp\/v2\/types\/post"}],"author":[{"embeddable":true,"href":"https:\/\/www.upo.es\/diario\/wp-json\/wp\/v2\/users\/6"}],"replies":[{"embeddable":true,"href":"https:\/\/www.upo.es\/diario\/wp-json\/wp\/v2\/comments?post=925015"}],"version-history":[{"count":2,"href":"https:\/\/www.upo.es\/diario\/wp-json\/wp\/v2\/posts\/925015\/revisions"}],"predecessor-version":[{"id":925017,"href":"https:\/\/www.upo.es\/diario\/wp-json\/wp\/v2\/posts\/925015\/revisions\/925017"}],"wp:attachment":[{"href":"https:\/\/www.upo.es\/diario\/wp-json\/wp\/v2\/media?parent=925015"}],"wp:term":[{"taxonomy":"category","embeddable":true,"href":"https:\/\/www.upo.es\/diario\/wp-json\/wp\/v2\/categories?post=925015"},{"taxonomy":"post_tag","embeddable":true,"href":"https:\/\/www.upo.es\/diario\/wp-json\/wp\/v2\/tags?post=925015"}],"curies":[{"name":"wp","href":"https:\/\/api.w.org\/{rel}","templated":true}]}}