{"id":925202,"date":"2013-05-24T05:44:29","date_gmt":"2013-05-24T05:44:29","guid":{"rendered":"https:\/\/www.upo.es\/diario\/?p=925202"},"modified":"2013-06-26T09:57:29","modified_gmt":"2013-06-26T09:57:29","slug":"la-upo-y-los-colegios-de-trabajo-social-y-de-educacion-social-firman-el-lunes-sendos-convenios-de-cooperacion","status":"publish","type":"post","link":"https:\/\/www.upo.es\/diario\/institucional\/2013\/05\/la-upo-y-los-colegios-de-trabajo-social-y-de-educacion-social-firman-el-lunes-sendos-convenios-de-cooperacion\/","title":{"rendered":"La UPO y los Colegios de Trabajo Social y de Educaci\u00f3n Social firman el lunes sendos convenios de cooperaci\u00f3n"},"content":{"rendered":"<p>El rector de la Universidad Pablo de Olavide, Vicente Guzm\u00e1n Fluja, la presidenta del Colegio Oficial de Diplomados en Trabajo Social y Asistentes Sociales de Sevilla, Alicia Piqu\u00e9 de Viu, y el presidente del Colegio Profesional de Educadoras y Educadores Sociales de Andaluc\u00eda, Jos\u00e9 Ignacio Rico Romero, firmar\u00e1n el pr\u00f3ximo lunes 27 de mayo, a las 10 horas en el Rectorado de la UPO, sendos convenios de cooperaci\u00f3n.<\/p>\n","protected":false},"excerpt":{"rendered":"<p>El rector de la Universidad Pablo de Olavide, Vicente Guzm\u00e1n Fluja, la presidenta del Colegio Oficial de Diplomados en Trabajo Social y Asistentes Sociales de Sevilla, Alicia Piqu\u00e9 de Viu, y el presidente del Colegio Profesional de Educadoras y Educadores Sociales de Andaluc\u00eda, Jos\u00e9 Ignacio Rico Romero, firmar\u00e1n el pr\u00f3ximo lunes 27 de mayo, a las 10 horas en el Rectorado de la UPO, sendos convenios de cooperaci\u00f3n.<\/p>\n","protected":false},"author":6,"featured_media":0,"comment_status":"closed","ping_status":"open","sticky":false,"template":"","format":"standard","meta":{"_monsterinsights_skip_tracking":false,"_monsterinsights_sitenote_active":false,"_monsterinsights_sitenote_note":"","_monsterinsights_sitenote_category":0,"footnotes":""},"categories":[6],"tags":[326,624,465,38,103,106],"class_list":["post-925202","post","type-post","status-publish","format-standard","hentry","category-institucional","tag-convenio","tag-cooperacion","tag-educacion","tag-rector","tag-trabajo-social","tag-vicente-c-guzman"],"_links":{"self":[{"href":"https:\/\/www.upo.es\/diario\/wp-json\/wp\/v2\/posts\/925202","targetHints":{"allow":["GET"]}}],"collection":[{"href":"https:\/\/www.upo.es\/diario\/wp-json\/wp\/v2\/posts"}],"about":[{"href":"https:\/\/www.upo.es\/diario\/wp-json\/wp\/v2\/types\/post"}],"author":[{"embeddable":true,"href":"https:\/\/www.upo.es\/diario\/wp-json\/wp\/v2\/users\/6"}],"replies":[{"embeddable":true,"href":"https:\/\/www.upo.es\/diario\/wp-json\/wp\/v2\/comments?post=925202"}],"version-history":[{"count":3,"href":"https:\/\/www.upo.es\/diario\/wp-json\/wp\/v2\/posts\/925202\/revisions"}],"predecessor-version":[{"id":925204,"href":"https:\/\/www.upo.es\/diario\/wp-json\/wp\/v2\/posts\/925202\/revisions\/925204"}],"wp:attachment":[{"href":"https:\/\/www.upo.es\/diario\/wp-json\/wp\/v2\/media?parent=925202"}],"wp:term":[{"taxonomy":"category","embeddable":true,"href":"https:\/\/www.upo.es\/diario\/wp-json\/wp\/v2\/categories?post=925202"},{"taxonomy":"post_tag","embeddable":true,"href":"https:\/\/www.upo.es\/diario\/wp-json\/wp\/v2\/tags?post=925202"}],"curies":[{"name":"wp","href":"https:\/\/api.w.org\/{rel}","templated":true}]}}