{"id":9258840,"date":"2015-03-25T07:10:02","date_gmt":"2015-03-25T07:10:02","guid":{"rendered":"https:\/\/www.upo.es\/diario\/?p=9258840"},"modified":"2015-03-25T10:40:07","modified_gmt":"2015-03-25T10:40:07","slug":"unidos-por-la-medula-lleva-al-campus-de-la-upo-una-campana-a-favor-de-la-donacion","status":"publish","type":"post","link":"https:\/\/www.upo.es\/diario\/institucional\/2015\/03\/unidos-por-la-medula-lleva-al-campus-de-la-upo-una-campana-a-favor-de-la-donacion\/","title":{"rendered":"\u00abUnidos por la M\u00e9dula\u00bb lleva al campus de la UPO una campa\u00f1a a favor de la donaci\u00f3n"},"content":{"rendered":"<figure id=\"attachment_9301868\" aria-describedby=\"caption-attachment-9301868\" style=\"width: 600px\" class=\"wp-caption aligncenter\"><a href=\"https:\/\/www.upo.es\/diario\/wp-content\/uploads\/2015\/03\/donamedula.jpg\"><img loading=\"lazy\" decoding=\"async\" class=\"size-large wp-image-9301868\" alt=\"Los voluntarios estar\u00e1n  hoy en la puerta del Edificio Celestino Mutis hasta las 14:00 horas. \" src=\"https:\/\/www.upo.es\/diario\/wp-content\/uploads\/2015\/03\/donamedula-600x399.jpg\" width=\"600\" height=\"399\" srcset=\"https:\/\/www.upo.es\/diario\/wp-content\/uploads\/2015\/03\/donamedula-600x399.jpg 600w, https:\/\/www.upo.es\/diario\/wp-content\/uploads\/2015\/03\/donamedula-320x213.jpg 320w\" sizes=\"auto, (max-width: 600px) 100vw, 600px\" \/><\/a><figcaption id=\"caption-attachment-9301868\" class=\"wp-caption-text\">Los voluntarios estar\u00e1n hoy en la puerta del Edificio Celestino Mutis hasta las 14:00 horas.<\/figcaption><\/figure>\n<p>La Universidad Pablo de Olavide participa hoy\u00a0<span style=\"text-decoration: underline;\">mi\u00e9rcoles 25 de marzo<\/span> en las <b>II Jornadas Universitarias Informativas \u201cDona M\u00e9dula, Dona Vida\u201d<\/b>, una iniciativa puesta en marcha por el grupo \u201cUnidos por la M\u00e9dula\u201d, con la colaboraci\u00f3n de las universidades de toda Espa\u00f1a, con el objetivo de concienciar a la comunidad universitaria sobre la importancia de la donaci\u00f3n de m\u00e9dula \u00f3sea.<\/p>\n<p>De esta manera, se ha instalado hoy una mesa informativa en la puerta del Edificio Celestino Mutis, <b>en horario de 9:00 a 14:00 horas<\/b>, en la que todos los interesados podr\u00e1n conocer las caracter\u00edsticas de este tipo de donaci\u00f3n y los requisitos para ser donante.<\/p>\n<p><b><a href=\"http:\/\/unidosporlamedula.com\/\">\u201cUnidos por la M\u00e9dula\u201d<\/a><\/b> est\u00e1 formado por un grupo de voluntarios sin \u00e1nimo de lucro cuyo \u00fanico fin y meta es acabar con la gran desinformaci\u00f3n que existe en Espa\u00f1a sobre la donaci\u00f3n de m\u00e9dula \u00f3sea. Seg\u00fan datos de esta asociaci\u00f3n, en Espa\u00f1a tan s\u00f3lo un 0,3 % de la poblaci\u00f3n es donante y uno de cada tres enfermos que necesitan un trasplante de m\u00e9dula \u00f3sea en Espa\u00f1a no encontrar\u00e1n un donante compatible. Casi 5.000 espa\u00f1oles son diagnosticados de leucemia anualmente, 7.000 de linfoma y muchos otros miles de otras enfermedades de la sangre.\u00a0 Muchos de ellos necesitar\u00e1n un trasplante de m\u00e9dula \u00f3sea para poder seguir viviendo. S\u00f3lo uno de cada cuatro pacientes que precisan de un trasplante tiene un donante compatible dentro de su \u00e1mbito familiar.\u00a0 Para el resto, la donaci\u00f3n de m\u00e9dula \u00f3sea a partir de un donante no emparentado ser\u00e1 su \u00fanica oportunidad de vida y posibilidad de curaci\u00f3n.<\/p>\n<p>El Vicerrectorado de Estudiantes, Cultura y Compromiso Social de la UPO, a trav\u00e9s de la <a href=\"http:\/\/www.upo.es\/upsc\/voluntariado-ps\/oficina-voluntariado\/\">Oficina de Voluntariado y Solidaridad<\/a>, coordina esta actividad en la <a href=\"http:\/\/www.upo.es\/portal\/impe\/web\/portada\">Universidad Pablo de Olavide<\/a> junto al grupo \u201cUnidos por la M\u00e9dula\u201d.<\/p>\n","protected":false},"excerpt":{"rendered":"<p>La Universidad Pablo de Olavide participa hoy mi\u00e9rcoles 25 de marzo en las II Jornadas Universitarias Informativas \u201cDona M\u00e9dula, Dona Vida\u201d, una iniciativa puesta en marcha por el grupo \u201cUnidos por la M\u00e9dula\u201d, con la colaboraci\u00f3n de las universidades de toda Espa\u00f1a, con el objetivo de concienciar a la comunidad universitaria sobre la importancia de la donaci\u00f3n de m\u00e9dula \u00f3sea.<\/p>\n","protected":false},"author":2,"featured_media":0,"comment_status":"closed","ping_status":"open","sticky":false,"template":"","format":"standard","meta":{"_monsterinsights_skip_tracking":false,"_monsterinsights_sitenote_active":false,"_monsterinsights_sitenote_note":"","_monsterinsights_sitenote_category":0,"footnotes":""},"categories":[6],"tags":[418,2270,86],"class_list":["post-9258840","post","type-post","status-publish","format-standard","hentry","category-institucional","tag-donacion","tag-medula-osea","tag-voluntariado"],"_links":{"self":[{"href":"https:\/\/www.upo.es\/diario\/wp-json\/wp\/v2\/posts\/9258840","targetHints":{"allow":["GET"]}}],"collection":[{"href":"https:\/\/www.upo.es\/diario\/wp-json\/wp\/v2\/posts"}],"about":[{"href":"https:\/\/www.upo.es\/diario\/wp-json\/wp\/v2\/types\/post"}],"author":[{"embeddable":true,"href":"https:\/\/www.upo.es\/diario\/wp-json\/wp\/v2\/users\/2"}],"replies":[{"embeddable":true,"href":"https:\/\/www.upo.es\/diario\/wp-json\/wp\/v2\/comments?post=9258840"}],"version-history":[{"count":13,"href":"https:\/\/www.upo.es\/diario\/wp-json\/wp\/v2\/posts\/9258840\/revisions"}],"predecessor-version":[{"id":9299161,"href":"https:\/\/www.upo.es\/diario\/wp-json\/wp\/v2\/posts\/9258840\/revisions\/9299161"}],"wp:attachment":[{"href":"https:\/\/www.upo.es\/diario\/wp-json\/wp\/v2\/media?parent=9258840"}],"wp:term":[{"taxonomy":"category","embeddable":true,"href":"https:\/\/www.upo.es\/diario\/wp-json\/wp\/v2\/categories?post=9258840"},{"taxonomy":"post_tag","embeddable":true,"href":"https:\/\/www.upo.es\/diario\/wp-json\/wp\/v2\/tags?post=9258840"}],"curies":[{"name":"wp","href":"https:\/\/api.w.org\/{rel}","templated":true}]}}